{"id":13815,"date":"2016-02-01T15:13:48","date_gmt":"2016-02-01T15:13:48","guid":{"rendered":"https:\/\/archivioturi.lavocedelpaese.info\/index.php\/2016\/02\/01\/rutigliano-esulta-turi-raccoglie-le-briciole\/"},"modified":"2016-02-01T15:13:48","modified_gmt":"2016-02-01T15:13:48","slug":"rutigliano-esulta-turi-raccoglie-le-briciole","status":"publish","type":"post","link":"https:\/\/archivioturi.lavocedelpaese.info\/index.php\/2016\/02\/01\/rutigliano-esulta-turi-raccoglie-le-briciole\/","title":{"rendered":"Rutigliano esulta, Turi raccoglie le briciole"},"content":{"rendered":"<p><img loading=\"lazy\" decoding=\"async\" src=\"https:\/\/farm2.staticflickr.com\/1447\/24080896554_6e2eb42721_n.jpg\" width=\"320\" height=\"240\" alt=\"Il Sindaco e il vicesindaco Orlando durante la protesta degli studenti\" \/><\/p>\n<p style=\"text-align: justify;\"><strong>Rutigliano esulta con un comunicato stampa<\/strong>. \u201cNasce a Rutigliano un grande Polo Scolastico. Il&nbsp; Liceo \u00abIlaria Alpi\u00bb e l\u2019Itet \u00abMontale\u00bb insieme per costruire il futuro dei nostri ragazzi\u201d: Questo \u00e8 il titolo di un comunicato stampa del Comune di Rutigliano. \u201cFinalmente \u2013 si legge al suo interno \u2013 la citt\u00e0 di Rutigliano potr\u00e0 vantare dal prossimo anno scolastico 2016-2017 un grande Polo Scolastico che nasce dall\u2019accorpamento tra il Liceo \u2018Ilaria Alpi\u2019 e l\u2019Itet \u2018Eugenio Montale\u2019\u201d. Dopo una serie di motivazioni per cui questo accorpamento sar\u00e0 vincente per studenti e rutiglianesi, il comunicato arriva ai riconoscimenti politici: \u201cL\u2019importante risultato ottenuto, di cui beneficer\u00e0 tutta la comunit\u00e0 di Rutigliano e quella dei comuni vicini, \u00e8 il frutto dell\u2019efficace lavoro svolto in perfetta condivisione di intenti dai rappresentanti rutiglianesi nel Consiglio della Citt\u00e0 Metropolitana di Bari, il Consigliere delegato Giuseppe Valenzano e il Consigliere Roberto Romagno, con il valido sostegno di tutto il Consiglio Comunale e di tutte le forze politiche del territorio. Per Rutigliano inizia un nuovo, importante e qualificante percorso nella storia dell\u2019istruzione nel nostro territorio: insieme per costruire il futuro dei nostri ragazzi\u201d. Vi ricordiamo che il dott. Romagno \u00e8 sindaco di Rutigliano, mentre Giuseppe Valenzano \u00e8 consigliere di minoranza. Da questa vicenda ne escono bene entrambi, cos\u00ec come ne esce bene la politica rutiglianese: maggioranza e minoranza brindano insieme al successo e i rutiglianesi possono riconoscere in questa circostanza che, indipendentemente dalle bandiere politiche, il bene del paese \u00e8 stato fatto.<\/p>\n<p style=\"text-align: justify;\"><strong>Pd, Sel e Rifondazione Comunista su posizioni diverse<\/strong>. A Turi invece la decisione della Regione ha diviso anche all\u2019interno della stessa ala di sinistra. Riprendiamo alcuni tratti delle dichiarazioni pubbliche di Pd, Sel e Rifondazione Comunista, che insieme governano il nostro paese. In data 21 gennaio, il Pd di Turi scrive su Facebook: \u201cL&#8217;accorpamento del nostro Istituto Tecnico \u2018Pertini\u2019 al \u2018Dell&#8217;Erba\u2019 di Castellana Grotte (che avrebbe generato la perdita della nostra presidenza) \u00e8 stato scongiurato. La permanenza della dirigenza nel nostro istituto assicura la continuit\u00e0 dell&#8217;autonomia di scelta e dell&#8217;iniziativa nei processi formativi che hanno portato la nostra scuola a raggiungere i risultati di cui tutti siamo a conoscenza. Certo l&#8217;accorpamento \u2018Pertini-Montale\u2019, che tutti abbiamo sperato di mantenere, sarebbe stato, per continuit\u00e0 formativa, auspicabile ma bisogna fare i conti anche con le aspettative di altri centri che, dalla loro, vantavano altro tipo di ragioni\u201d. Aspettative di altri centri? E le nostre di aspettative? Strano a dirsi, ma Gravinese ha pure ricevuto le congratulazioni da parte di Settanni,&nbsp; \u201cper il lavoro fatto\u201d.<\/p>\n<p style=\"text-align: justify;\">Sel \u201cringrazia (addirittura <em>ndr<\/em>) il suo Assessore Sebastiano Leo, in prima linea sulla questione, per il lavoro svolto, per l&#8217;impegno, la competenza e la passione, che ha subito dimostrato disponibilit\u00e0 e sensibilit\u00e0 ai nostri continui e accorati appelli e con cui abbiamo lavorato in sinergia in questo breve ma intenso periodo di tempo\u201d.&nbsp;E poi, con toni talmente diplomatici da farci venire il prurito, aggiunge: \u201cCapiamo le difficolt\u00e0 politiche riscontrate in Giunta, il peso e le pressioni politiche, ma&nbsp; non possiamo esimerci dal manifestare il nostro disappunto sul cambiamento di indirizzo delle politiche scolastiche che, negli ultimi anni con Vendola e soprattutto Alba Sasso, erano incentrate sull\u2019accorpamento di istituti aventi lo stesso indirizzo, al fine di garantire l\u2019efficienza e l\u2019eccellenza degli istituti scolastici pugliesi\u201d.<\/p>\n<p style=\"text-align: justify;\">Per fortuna e finalmente, invece, Rifondazione Comunista non le manda a dire. \u201cSgombriamo subito il campo dagli equivoci: la scelta della Regione Puglia di rompere il felice sodalizio tra gli istituti Pertini e Montale \u00e8 una pessima notizia per la nostra scuola turese. E non c\u2019\u00e8 nessun bicchiere mezzo pieno da considerare. La conservazione della presidenza non \u00e8 neppure un pallido premio di consolazione\u201d. \u201cIl Pertini \u00e8 in credito con la politica. Tutti devono essere consapevoli che siamo stati trattati come l\u2019ultima ruota del carro, tutti, dalla giunta regionale all\u2019ufficio scolastico pugliese, devono essere costantemente pressati da noi perch\u00e9 prendano coscienza del fatto che Turi \u00e8 stata sacrificata per soddisfare le esigenze delle scuole di Conversano, Rutigliano, Castellana Grotte\u201d.<\/p>\n","protected":false},"excerpt":{"rendered":"<p><img loading=\"lazy\" decoding=\"async\" src=\"https:\/\/farm2.staticflickr.com\/1447\/24080896554_6e2eb42721_n.jpg\" width=\"320\" height=\"240\" alt=\"Il Sindaco e il vicesindaco Orlando durante la protesta degli studenti\" \/><\/p>\n","protected":false},"author":1,"featured_media":0,"comment_status":"open","ping_status":"closed","sticky":false,"template":"","format":"standard","meta":{"colormag_page_container_layout":"default_layout","colormag_page_sidebar_layout":"default_layout","footnotes":""},"categories":[4],"tags":[],"class_list":["post-13815","post","type-post","status-publish","format-standard","hentry","category-politica"],"_links":{"self":[{"href":"https:\/\/archivioturi.lavocedelpaese.info\/index.php\/wp-json\/wp\/v2\/posts\/13815","targetHints":{"allow":["GET"]}}],"collection":[{"href":"https:\/\/archivioturi.lavocedelpaese.info\/index.php\/wp-json\/wp\/v2\/posts"}],"about":[{"href":"https:\/\/archivioturi.lavocedelpaese.info\/index.php\/wp-json\/wp\/v2\/types\/post"}],"author":[{"embeddable":true,"href":"https:\/\/archivioturi.lavocedelpaese.info\/index.php\/wp-json\/wp\/v2\/users\/1"}],"replies":[{"embeddable":true,"href":"https:\/\/archivioturi.lavocedelpaese.info\/index.php\/wp-json\/wp\/v2\/comments?post=13815"}],"version-history":[{"count":0,"href":"https:\/\/archivioturi.lavocedelpaese.info\/index.php\/wp-json\/wp\/v2\/posts\/13815\/revisions"}],"wp:attachment":[{"href":"https:\/\/archivioturi.lavocedelpaese.info\/index.php\/wp-json\/wp\/v2\/media?parent=13815"}],"wp:term":[{"taxonomy":"category","embeddable":true,"href":"https:\/\/archivioturi.lavocedelpaese.info\/index.php\/wp-json\/wp\/v2\/categories?post=13815"},{"taxonomy":"post_tag","embeddable":true,"href":"https:\/\/archivioturi.lavocedelpaese.info\/index.php\/wp-json\/wp\/v2\/tags?post=13815"}],"curies":[{"name":"wp","href":"https:\/\/api.w.org\/{rel}","templated":true}]}}