{"id":13813,"date":"2016-02-03T10:06:24","date_gmt":"2016-02-03T10:06:24","guid":{"rendered":"https:\/\/archivioturi.lavocedelpaese.info\/index.php\/2016\/02\/03\/il-coordinatore-sono-io-devono-rispettarmi\/"},"modified":"2016-02-03T10:06:24","modified_gmt":"2016-02-03T10:06:24","slug":"il-coordinatore-sono-io-devono-rispettarmi","status":"publish","type":"post","link":"https:\/\/archivioturi.lavocedelpaese.info\/index.php\/2016\/02\/03\/il-coordinatore-sono-io-devono-rispettarmi\/","title":{"rendered":"\u201cIl coordinatore sono io. Devono rispettarmi\u201d"},"content":{"rendered":"<p><img loading=\"lazy\" decoding=\"async\" src=\"https:\/\/farm2.staticflickr.com\/1719\/24082129033_586776971f_n.jpg\" width=\"320\" height=\"240\" alt=\"Mariangela Volpicella e Paolo Tundo\" \/><\/p>\n<p style=\"text-align: justify;\">\u201cIo volevo dare un segnale\u201d \u2013 ci spiega il coordinatore di Forza Italia, Paolo Tundo, ripercorrendo ancora una volta le vicissitudini che lo hanno portato ad accettare la \u201cresponsabilit\u00e0\u201d di guidare un circolo locale. Ci racconta nuovamente di essere rimasto fedele al partito durante le regionali, quando Forza Italia scoppi\u00f2 come un fuoco d\u2019artificio, disperdendo forze a destra e a manca. Ci spiega nuovamente di essere stato felice del ritorno di Boccardi nel partito qualche mese dopo e della sua nomina a senatore. Eppure, torna a lamentare di aver \u201ccercato un incontro con lui per lavorare in sinergia e avviare un certo percorso, ma ci\u00f2 non \u00e8 accaduto\u201d. Inoltre, ci dice testualmente, \u201cla sua consigliera \u00e8 indipendente in Consiglio comunale, mentre lui \u00e8 di Forza Italia. Bisogna chiarire queste ambiguit\u00e0 e cercare un percorso d\u2019insieme\u201d.<\/p>\n<p style=\"text-align: justify;\">Poi passa ad Angelo Palmisano, ex coordinatore di Forza Italia, \u201cuna persona giovane che vuole lavorare per Forza Italia. Lo rispetto per il suo entusiasmo, per\u00f2 dovrebbe prendere delle iniziative che servano a migliorare il partito, non a dividerlo. Gli avevo chiesto di lavorare in sinergia, di definire un percorso con Boccardi e la Volpicella, per poi aprire Forza Italia a tutti i turesi, creando un gruppo che possa confrontarsi sui programmi e migliorare il paese. Ma ci\u00f2 continua a non avvenire\u201d.<\/p>\n<p style=\"text-align: justify;\">Inoltre, tuona Tundo, \u201cci sono state delle iniziative singole svoltesi senza il mio parere di coordinatore. In alcune circostanze sono andato per correttezza, ma queste situazioni non devono ripetersi. Io sono disponibile a lavorare, intendo allargare e far crescere Forza Italia\u201d. E conclude: \u201cD\u2019ora in poi, come coordinatore, non parteciper\u00f2 a nessuna riunione se non \u00e8 prima concordata con il sottoscritto. Esiste un coordinatore a cui vanno dati conto, rispetto e correttezza. Io sono pronto a fare lo stesso, per ritrovare sinergia e coesione: anche perch\u00e9, se mancano questi presupposti, che cosa volgiamo costruire? Spero che gli amici di Forza Italia intendano la politica in questo senso, perch\u00e9 di tempo da perdere non ne ho. Il coordinatore esiste e sono io. Devono rispettarmi. Se a qualcuno non sta bene, me lo venga a dire&#8230;\u201d<\/p>\n","protected":false},"excerpt":{"rendered":"<p><img loading=\"lazy\" decoding=\"async\" src=\"https:\/\/farm2.staticflickr.com\/1719\/24082129033_586776971f_n.jpg\" width=\"320\" height=\"240\" alt=\"Mariangela Volpicella e Paolo Tundo\" \/><\/p>\n","protected":false},"author":1,"featured_media":0,"comment_status":"open","ping_status":"closed","sticky":false,"template":"","format":"standard","meta":{"colormag_page_container_layout":"default_layout","colormag_page_sidebar_layout":"default_layout","footnotes":""},"categories":[4],"tags":[],"class_list":["post-13813","post","type-post","status-publish","format-standard","hentry","category-politica"],"_links":{"self":[{"href":"https:\/\/archivioturi.lavocedelpaese.info\/index.php\/wp-json\/wp\/v2\/posts\/13813","targetHints":{"allow":["GET"]}}],"collection":[{"href":"https:\/\/archivioturi.lavocedelpaese.info\/index.php\/wp-json\/wp\/v2\/posts"}],"about":[{"href":"https:\/\/archivioturi.lavocedelpaese.info\/index.php\/wp-json\/wp\/v2\/types\/post"}],"author":[{"embeddable":true,"href":"https:\/\/archivioturi.lavocedelpaese.info\/index.php\/wp-json\/wp\/v2\/users\/1"}],"replies":[{"embeddable":true,"href":"https:\/\/archivioturi.lavocedelpaese.info\/index.php\/wp-json\/wp\/v2\/comments?post=13813"}],"version-history":[{"count":0,"href":"https:\/\/archivioturi.lavocedelpaese.info\/index.php\/wp-json\/wp\/v2\/posts\/13813\/revisions"}],"wp:attachment":[{"href":"https:\/\/archivioturi.lavocedelpaese.info\/index.php\/wp-json\/wp\/v2\/media?parent=13813"}],"wp:term":[{"taxonomy":"category","embeddable":true,"href":"https:\/\/archivioturi.lavocedelpaese.info\/index.php\/wp-json\/wp\/v2\/categories?post=13813"},{"taxonomy":"post_tag","embeddable":true,"href":"https:\/\/archivioturi.lavocedelpaese.info\/index.php\/wp-json\/wp\/v2\/tags?post=13813"}],"curies":[{"name":"wp","href":"https:\/\/api.w.org\/{rel}","templated":true}]}}