{"id":13797,"date":"2016-01-27T13:44:47","date_gmt":"2016-01-27T13:44:47","guid":{"rendered":"https:\/\/archivioturi.lavocedelpaese.info\/index.php\/2016\/01\/27\/visite-cardio-respiratorie-in-fiera-ecco-i-dati-emersi\/"},"modified":"2016-01-27T13:44:47","modified_gmt":"2016-01-27T13:44:47","slug":"visite-cardio-respiratorie-in-fiera-ecco-i-dati-emersi","status":"publish","type":"post","link":"https:\/\/archivioturi.lavocedelpaese.info\/index.php\/2016\/01\/27\/visite-cardio-respiratorie-in-fiera-ecco-i-dati-emersi\/","title":{"rendered":"\u201cVisite\u201d cardio-respiratorie in Fiera. Ecco i dati emersi"},"content":{"rendered":"<p><img loading=\"lazy\" decoding=\"async\" src=\"https:\/\/farm2.staticflickr.com\/1482\/23954669153_b9e6c04598_m.jpg\" width=\"173\" height=\"240\" alt=\"Il presidente della Fiera Patroni-Griffi e il prof. Onofrio Resta (foto Nicola Teofilo)\" \/><\/p>\n<p style=\"text-align: justify;\"><span style=\"font-size: 10pt;\">Nel settembre 2015, durante le giornate della Fiera del Levante, i Medici della Scuola di Specializzazione in Malattie dell\u2019Apparato Respiratorio Bari-Foggia-Ancona (Diretta dal Prof. Onofrio Resta, e Referenti locali Prof.ssa Foschino e Prof. Gasparini) e della Scuola di Specializzazione in Malattie dell\u2019Apparato Cardiovascolare di Bari (Dir. Prof. M.M. Ciccone) hanno condotto uno screening sulle malattie respiratorie e cardiache ai frequentatori della Campionaria. Uno screening gratuito che \u00e8 stato possibile effettuare anche grazie agli studenti che hanno operato volontariamente e gratuitamente.<\/span><\/p>\n<p style=\"text-align: justify;\"><span style=\"font-size: 10pt;\">Bene, oggi conosciamo i frutti di questa importante iniziativa. Questi frutti certificano che si \u00e8 rivelata di grande successo, riscontrando il plauso e il favore del Presidente della Fiera, Prof. Ugo Patroni Griffi. Lo screening gratuito per gli avventori della Fiera \u00e8 stato un servizio utilissimo affinch\u00e9 possa diffondersi la cultura della prevenzione, unica strada per una Sanit\u00e0 efficace, veloce ed economica. Il prezioso spazio offerto da una campionaria cos\u00ec gettonata ha amplificato i numeri. Eccoli qui.<\/span><\/p>\n<p style=\"text-align: justify;\"><span style=\"font-size: 10pt;\"><strong>Oltre 1.000 visitatori!<\/strong><\/span><\/p>\n<p style=\"text-align: justify;\"><span style=\"font-size: 10pt;\">Durante lo screening in Fiera sono stati analizzati oltre 1.000 visitatori: 43% donne; et\u00e0 media 53 anni; 53% fumatori o ex fumatori; 60% provenienti dalla provincia di Bari e 6,5% fuori Regione.<\/span><\/p>\n<p style=\"text-align: justify;\"><span style=\"font-size: 10pt;\">A tutti i soggetti \u00e8 stato somministrato un questionario validato (GOLD) per la valutazione dei sintomi compatibili con la broncopatia cronica (tosse e catarro, affanno, limitazione attivit\u00e0 fisica diurna) e praticata una spirometria per la misurazione del respiro. Agli stessi soggetti \u00e8 stato somministrato un questionario specifico per verificare la presenza del russamento e il rischio di apnee durante il sonno (Sleep Apnea).<\/span><\/p>\n<p style=\"text-align: justify;\"><span style=\"font-size: 10pt;\">Inoltre \u00e8 stata eseguita una valutazione del profilo di rischio cardiovascolare (con le tabelle dell\u2019Euroscore), una analisi elettrocardiografica ed l\u2019anamnesi per la presenza di malattie associate (comorbilit\u00e0).<\/span><\/p>\n<p style=\"text-align: justify;\"><span style=\"font-size: 10pt;\"><strong>1 intervistato su 3 soffre di broncopatia!<\/strong><\/span><\/p>\n<p style=\"text-align: justify;\"><span style=\"font-size: 10pt;\">L\u2019analisi dei risultati preliminari ha mostrato che pi\u00f9 del 30% dei soggetti presentavano sintomi compatibili con la broncopatia cronica e che il 10%, con et\u00e0 maggiore di 40 anni, presentavano una spirometria positiva per BPCO (BroncoPneumopatia Cronica Ostruttiva): l\u201985% non era a conoscenza della malattia, segno di una evidente sottodiagnosi.<\/span><\/p>\n<p style=\"text-align: justify;\"><span style=\"font-size: 10pt;\">Ulteriore dato emerso \u00e8 che circa il 30% dei BPCO non erano mai stati fumatori, a riprova del&nbsp; possibile peso dell\u2019inquinamento ambientale e dell\u2019esposizione professionale sullo sviluppo di queste malattie croniche.<\/span><\/p>\n<p style=\"text-align: justify;\"><span style=\"font-size: 10pt;\"><strong>Russare durante il sonno e obesit\u00e0.<\/strong><\/span><\/p>\n<p style=\"text-align: justify;\"><span style=\"font-size: 10pt;\">Originali, significativi e inediti sono i dati riguardanti il russamento ed il rischio di apnee durante il sonno: il 28% hanno un rischio moderato di Sleep Apnea e il 18% hanno mostrato invece una altissima probabilit\u00e0 di malattia. L\u2019Obesit\u00e0 (Indice di massa corporea ?30) e il girocollo (?40 cm) sono stati confermati come i fattori determinanti nei soggetti a rischio.<\/span><\/p>\n<p style=\"text-align: justify;\"><span style=\"font-size: 10pt;\"><strong>L\u2019analisi dei dati e i pericoli per la nostra salute.<\/strong><\/span><\/p>\n<p style=\"text-align: justify;\"><span style=\"font-size: 10pt;\">L\u2019analisi dei dati cardiologici ha evidenziato che il 20% presentava familiarit\u00e0 per patologie cardiovascolari, il 56% soprappeso ed obesit\u00e0 (!), il 40% ipercolesterolemia ed il 34% ipertensione arteriosa. Le carte del rischio hanno mostrato che circa un quinto degli screenati presentava un rischio cardiovascolare alto (con una probabilit\u00e0 &gt;4 di eventi fatali a 10aa) e circa il 40% alterazioni elettrocardiografiche per le quali \u00e8 stata consigliata una rivalutazione clinica specialistica cardiologica a breve-medio periodo. Anche in questo caso, la maggior parte dei soggetti valutati non era consapevole del proprio rischio.<\/span><\/p>\n<p style=\"text-align: justify;\"><span style=\"font-size: 10pt;\"><strong>Dalla \u201cvisita\u201d in Fiera\u2026 all\u2019ospedale.<\/strong><\/span><\/p>\n<p style=\"text-align: justify;\"><span style=\"font-size: 10pt;\">Due episodi curiosi durante lo screening in Fiera, riguardano due soggetti con una aritmia importante non nota ed a rischio di eventi cardiovascolari acuti. Questi pazienti, dopo la \u201cvisita\u201d in Fiera sono stati prontamente indirizzati ad un rapido approfondimento clinico. Senza questo screening, nei mesi successivi sarebbero andati incontro a gravi pericoli per la salute, a dimostrazione che la prevenzione \u00e8 l\u2019arma pi\u00f9 potente contro le malattie e i malesseri dovuti a stili di vita errati, a inquinamento e cattive abitudini alimentari o scarsa attivit\u00e0 fisica.<\/span><\/p>\n<p style=\"text-align: justify;\"><span style=\"font-size: 10pt;\"><strong>Onofrio Resta: Emergenza obesit\u00e0 in Puglia.<\/strong><\/span><\/p>\n<p style=\"text-align: justify;\"><span style=\"font-size: 10pt;\">\u201cQuesti dati, che sono in corso di pubblicazione \u2013 commenta il Prof. Onofrio Resta \u2013 ricavati grazie alla partecipazione volontaria dei giovani Specializzandi delle nostre Scuole di Medicina (Dipartimento Cardio-Toracico Azienda Policlinico). Sono uno spaccato significativo in \u201creal life\u201c dello stato di salute cardio-respiratorio della popolazione pugliese. Viene confermata la sottostima della BPCO; inediti per la Puglia sono i dati sul rischio di apnee notturne, con il ruolo fondamentale dell\u2019obesit\u00e0 che richiederebbe una maggiore attenzione all\u2019alimentazione ed allo stile di vita (nella nostra Regione i pazienti sovrappeso ed obesi sono circa il 45%, valori tra i pi\u00f9 alti in Italia, e solo il 10% sensibilizzato \u2013 report \u201cSant\u2019Anna\u201d 2014); e l\u2019utilit\u00e0 di una valutazione preventiva dei fattori di rischio cardiovascolare e delle alterazioni cardiovascolari che spesso si associano alle malattie respiratorie croniche e che contribuiscono insieme a pi\u00f9 del 20% delle ospedalizzazioni nella nostra Regione. In Italia, le malattie cardiache e polmonari sono rispettivamente la prima e la terza causa di morte!<\/span><\/p>\n<p style=\"text-align: justify;\"><span style=\"font-size: 10pt;\"><strong>NICOLA TEOFILO<\/strong><\/span><\/p>\n","protected":false},"excerpt":{"rendered":"<p><img loading=\"lazy\" decoding=\"async\" src=\"https:\/\/farm2.staticflickr.com\/1482\/23954669153_b9e6c04598_m.jpg\" width=\"173\" height=\"240\" alt=\"Il presidente della Fiera Patroni-Griffi e il prof. Onofrio Resta (foto Nicola Teofilo)\" \/><\/p>\n","protected":false},"author":1,"featured_media":0,"comment_status":"open","ping_status":"closed","sticky":false,"template":"","format":"standard","meta":{"colormag_page_container_layout":"default_layout","colormag_page_sidebar_layout":"default_layout","footnotes":""},"categories":[7],"tags":[],"class_list":["post-13797","post","type-post","status-publish","format-standard","hentry","category-attualita"],"_links":{"self":[{"href":"https:\/\/archivioturi.lavocedelpaese.info\/index.php\/wp-json\/wp\/v2\/posts\/13797","targetHints":{"allow":["GET"]}}],"collection":[{"href":"https:\/\/archivioturi.lavocedelpaese.info\/index.php\/wp-json\/wp\/v2\/posts"}],"about":[{"href":"https:\/\/archivioturi.lavocedelpaese.info\/index.php\/wp-json\/wp\/v2\/types\/post"}],"author":[{"embeddable":true,"href":"https:\/\/archivioturi.lavocedelpaese.info\/index.php\/wp-json\/wp\/v2\/users\/1"}],"replies":[{"embeddable":true,"href":"https:\/\/archivioturi.lavocedelpaese.info\/index.php\/wp-json\/wp\/v2\/comments?post=13797"}],"version-history":[{"count":0,"href":"https:\/\/archivioturi.lavocedelpaese.info\/index.php\/wp-json\/wp\/v2\/posts\/13797\/revisions"}],"wp:attachment":[{"href":"https:\/\/archivioturi.lavocedelpaese.info\/index.php\/wp-json\/wp\/v2\/media?parent=13797"}],"wp:term":[{"taxonomy":"category","embeddable":true,"href":"https:\/\/archivioturi.lavocedelpaese.info\/index.php\/wp-json\/wp\/v2\/categories?post=13797"},{"taxonomy":"post_tag","embeddable":true,"href":"https:\/\/archivioturi.lavocedelpaese.info\/index.php\/wp-json\/wp\/v2\/tags?post=13797"}],"curies":[{"name":"wp","href":"https:\/\/api.w.org\/{rel}","templated":true}]}}