{"id":13792,"date":"2016-01-26T08:23:25","date_gmt":"2016-01-26T08:23:25","guid":{"rendered":"https:\/\/archivioturi.lavocedelpaese.info\/index.php\/2016\/01\/26\/quattro-proposte-per-un-paese-piu-sicuro\/"},"modified":"2016-01-26T08:23:25","modified_gmt":"2016-01-26T08:23:25","slug":"quattro-proposte-per-un-paese-piu-sicuro","status":"publish","type":"post","link":"https:\/\/archivioturi.lavocedelpaese.info\/index.php\/2016\/01\/26\/quattro-proposte-per-un-paese-piu-sicuro\/","title":{"rendered":"Quattro proposte per un paese pi\u00f9 sicuro"},"content":{"rendered":"<p><img loading=\"lazy\" decoding=\"async\" src=\"https:\/\/farm2.staticflickr.com\/1688\/24581130135_9b1ba8fc8c_n.jpg\" width=\"320\" height=\"240\" alt=\"Carmine Catalano e Sandro Laera\" \/><\/p>\n<p style=\"text-align: justify;\">Una conferenza stampa sul tema della sicurezza ha avuto luogo mercoled\u00ec scorso presso il bar Nottingham. L\u2019evento, organizzato da Carmine Catalano di Rinascita Civica, ha visto la partecipazione non solo di vari cittadini particolarmente interessati alla questione, ma anche del consigliere di opposizione Sandro Laera, che ha abbracciato appieno l\u2019iniziativa del sindacalista.<\/p>\n<p style=\"text-align: justify;\">\u201cA sicurezza stiamo davvero messi male\u201d \u2013 esordisce cos\u00ec Catalano, parlando di quello che \u00e8 un fenomeno in crescita nel nostro paese: i furti in casa e nelle attivit\u00e0 commerciali. Da quanto ci viene riferito, molti di questi soggetti che subiscono tali atti criminosi non denunciano, presi dalla totale sfiducia nei confronti della legalit\u00e0.<\/p>\n<p style=\"text-align: justify;\">Catalano parla di quattro proposte, ma lo fa solo dopo aver fatto una precisazione sulle \u201cspese inutili\u201d compiute da questa amministrazione, di quei circa 29mila euro \u201cregalati\u201d a tecnici esterni per perizie o lavori che erano gi\u00e0 stati svolti da qualcun altro: \u00e8 il caso dei valori venali, dove vi era gi\u00e0 la perizia dell\u2019ing. Di Bonaventura, e la questione di via Schumann per la quale vi era gi\u00e0 il parere dell\u2019Autorit\u00e0 di Bacino. Con quei soldi, spiega Catalano, si sarebbero potute mettere delle telecamere a circuito chiuso nelle zone pi\u00f9 critiche del paese. \u201cBisogna operare una politica di spending review, evitando spese inutili a vantaggio di tecnici o pseudo tali\u201d. Inoltre \u2013 tuona il sindacalista \u2013 \u201cPaghiamo le tasse per i servizi. Le istituzioni devono intervenire\u201d.<\/p>\n<p style=\"text-align: justify;\">Altra questione brevemente sfiorata \u00e8 stata quella dell\u2019illuminazione pubblica: sebbene il Comune spenda una cifra esorbitante per tale servizio (che in effetti si attesta in media sopra i 400.000 euro annui, pi\u00f9 altri 85.000 per la manutenzione), molte strade del paese (come lamenta un cittadino presente) sono ancora al buio. E allora ci si chiede come ci si possa sentir sicuri, se si ha paura a passeggiare per quelle vie quando fa buio.<\/p>\n<p style=\"text-align: justify;\">Ora veniamo alle quattro proposte. Come primo passo, Catalano chiede un \u201ctavolo di concertazione\u201d tra tutte le parti in causa, coinvolgendo dunque Carabinieri, Polizia Municipale, Polizia Penitenziaria e Polizia privata (la Metronotte). Lo step successivo sarebbe l\u2019installazione di telecamere a circuito chiuso: suggerisce all\u2019Assessore al bilancio e al Sindaco di destinare in tal senso circa 40mila euro l\u2019anno a tale scopo, secondo un processo graduale da spalmare nell\u2019arco di cinque anni. \u201cCon 200mila euro si garantirebbe la presenza su tutto il territorio delle telecamere, che sarebbero collegate al Comando dei Carabinieri di Gioia del Colle\u201d. Altra iniziativa, sarebbe quella di investire maggiormente sulla Polizia privata, come gi\u00e0 fatto da alcuni comuni dell\u2019hinterland barese. L\u2019ultima proposta riguarda invece la presenza degli extracomunitari in paese. Catalano propone di formare un database dove registrare queste persone, un elenco che potrebbe essere utilizzato anche durante la campagna cerasicola per reperire mano d\u2019opera. Aggiunge, poi, che bisognerebbe confrontarsi periodicamente con queste persone, anche per capire in che condizioni vivono, se hanno contratti d\u2019affitto regolari o semplicemente se dotati di permesso di soggiorno. Inoltre, Turi, \u201cessendo un paese tranquillo \u2013 sostiene il coordinatore di Rinascita Civica \u2013 rischierebbe di ospitare qualche cellula dormiente del terrorismo\u201d.<\/p>\n<p style=\"text-align: justify;\">In completo accordo con quanto affermato da Catalano, \u00e8 il consigliere di opposizione Sandro Laera, il qualche offre il suo appoggio in nome di Fratelli d\u2019Italia. Sostiene che sarebbe opportuno anche convocare un consiglio monotematico. Tuttavia, ci tengono a precisare i presenti, l\u2019incontro non ha colori politici, dato che la sicurezza delle persone dovrebbe essere interesse di tutti. Proprio per questo, l\u2019invito era stato allargato a tutti i rappresentanti dei partiti locali come anche ai consiglieri di maggioranza. Nessuno comunque \u00e8 intervenuto.<\/p>\n","protected":false},"excerpt":{"rendered":"<p><img loading=\"lazy\" decoding=\"async\" src=\"https:\/\/farm2.staticflickr.com\/1688\/24581130135_9b1ba8fc8c_n.jpg\" width=\"320\" height=\"240\" alt=\"Carmine Catalano e Sandro Laera\" \/><\/p>\n","protected":false},"author":1,"featured_media":0,"comment_status":"open","ping_status":"closed","sticky":false,"template":"","format":"standard","meta":{"colormag_page_container_layout":"default_layout","colormag_page_sidebar_layout":"default_layout","footnotes":""},"categories":[4],"tags":[],"class_list":["post-13792","post","type-post","status-publish","format-standard","hentry","category-politica"],"_links":{"self":[{"href":"https:\/\/archivioturi.lavocedelpaese.info\/index.php\/wp-json\/wp\/v2\/posts\/13792","targetHints":{"allow":["GET"]}}],"collection":[{"href":"https:\/\/archivioturi.lavocedelpaese.info\/index.php\/wp-json\/wp\/v2\/posts"}],"about":[{"href":"https:\/\/archivioturi.lavocedelpaese.info\/index.php\/wp-json\/wp\/v2\/types\/post"}],"author":[{"embeddable":true,"href":"https:\/\/archivioturi.lavocedelpaese.info\/index.php\/wp-json\/wp\/v2\/users\/1"}],"replies":[{"embeddable":true,"href":"https:\/\/archivioturi.lavocedelpaese.info\/index.php\/wp-json\/wp\/v2\/comments?post=13792"}],"version-history":[{"count":0,"href":"https:\/\/archivioturi.lavocedelpaese.info\/index.php\/wp-json\/wp\/v2\/posts\/13792\/revisions"}],"wp:attachment":[{"href":"https:\/\/archivioturi.lavocedelpaese.info\/index.php\/wp-json\/wp\/v2\/media?parent=13792"}],"wp:term":[{"taxonomy":"category","embeddable":true,"href":"https:\/\/archivioturi.lavocedelpaese.info\/index.php\/wp-json\/wp\/v2\/categories?post=13792"},{"taxonomy":"post_tag","embeddable":true,"href":"https:\/\/archivioturi.lavocedelpaese.info\/index.php\/wp-json\/wp\/v2\/tags?post=13792"}],"curies":[{"name":"wp","href":"https:\/\/api.w.org\/{rel}","templated":true}]}}