{"id":13787,"date":"2016-01-26T05:14:23","date_gmt":"2016-01-26T05:14:23","guid":{"rendered":"https:\/\/archivioturi.lavocedelpaese.info\/index.php\/2016\/01\/26\/polizia-municipale-un-bilancio-in-positivo\/"},"modified":"2016-01-26T05:14:23","modified_gmt":"2016-01-26T05:14:23","slug":"polizia-municipale-un-bilancio-in-positivo","status":"publish","type":"post","link":"https:\/\/archivioturi.lavocedelpaese.info\/index.php\/2016\/01\/26\/polizia-municipale-un-bilancio-in-positivo\/","title":{"rendered":"Polizia Municipale: un bilancio in positivo"},"content":{"rendered":"<p><img loading=\"lazy\" decoding=\"async\" src=\"https:\/\/farm2.staticflickr.com\/1575\/24538017676_986ef004e9_n.jpg\" width=\"320\" height=\"240\" alt=\"Per la conferenza stampa al Comando di Polizia Municipale\" \/><\/p>\n<p style=\"text-align: justify;\">Prima di sedere tra i banchi della Parrocchia di San Giovanni Battista, presso il Comando della Polizia Municipale di Turi, intorno alle ore 17.00 e alla presenza del Comandante, dott. Raffaele Campanella, dell\u2019Assessore alla Polizia Municipale, Gianvito Pedone, del Tenente Domenico Valentini e del Coordinatore della Protezione Civile, Vito Marco Di Pinto, \u00e8 stato presentato il report delle attivit\u00e0 dell\u2019anno appena concluso.<\/p>\n<p style=\"text-align: justify;\">Si tirano le somme su quello che rappresenta un 2015 denso di cambiamenti, per il Corpo turese. La reggenza del Tenente per i primi 6 mesi dell\u2019anno, l\u2019arrivo del nuovo Comandante Campanella e il pensionamento di due unit\u00e0 che ha determinato una vacanza e un sottodimensionamento che \u201cci auguriamo di colmare a breve\u201d \u2013 commenta l\u2019Assessore Pedone.<\/p>\n<p style=\"text-align: justify;\">\u00c8 dalla voce del Comandante che giungono, prima di sfogliare il report annuale, i ringraziamenti a quanti, quotidianamente, svolgono il proprio ruolo al servizio della comunit\u00e0. \u201cGrazie al Tenente Valentini, per la sua professionalit\u00e0 e il suo impegno nel ruolo assunto nei primi mesi dell\u2019anno; grazie a tutto il Corpo, che nonostante il numero ridotto di unit\u00e0 riesce a svolgere con competenza il proprio lavoro e grazie a tutti i volontari della Protezione Civile e al loro coordinatore, Vito Marco Di Pinto, che svolge il suo lavoro da volontario in maniera egregia ed efficiente\u201d.<\/p>\n<p style=\"text-align: justify;\">Quindi presto lo sguardo \u00e8 caduto sui numeri pi\u00f9 significativi riportati nel report annunale 2015. Sono ben 1122 le Violazioni al Codice della Strada, di cui, una maggiore incidenza si riscontra nei mesi da luglio a dicembre e soprattutto nella Sosta in divieto o in Ztl (533); sosta su stallo disabili, scivoli, marciapiede, passo carrabile o intersezioni (285); sosta senza disco orario, in senso contrario, non parallela o in mezzo (200). Sono pari a 73.063,70\u20ac il totale accertato dalle violazioni. Solo 14, comunque i ricorsi registrati, di cui 10 sono ancora in decisione 3 respinti e 1 accolto. \u201cNumeri che fanno ben sperare \u2013 aggiunge l\u2019Assessore \u2013 perch\u00e9 raccontano di una maggiore attenzione, del cittadino, nei confronti delle norme della strada e del lavoro degli stessi Vigili che svolgono, in maniera corretta, il proprio lavoro\u201d.<\/p>\n<p style=\"text-align: justify;\">Sono invece 19 (in numero nettamente inferiore rispetto allo scorso anno, quando furono ne registrate 56) le Violazioni Amministrative del 2015, di cui, la maggior parte si inscrivono nel Regolamento di Polizia Urbana (7) e Mancata comunicazione di ospitalit\u00e0 (4) e che hanno permesso di far entrare nelle casse comunali altri 7.638,00 \u20ac, per un totale, complessivo, di 80.674,70 \u20ac.<\/p>\n<p style=\"text-align: justify;\">\u201cUna nota di merito \u2013 ha quindi aggiunto il Comandante Campanella, presto sostenuto dall\u2019Assessore Pedone &#8211; &nbsp;va anche al gruppo di Protezione Civile di Turi che nel solo 2015 ha raccolto 7652 ore di attivit\u00e0, delle quali, il maggior numero \u00e8 stata impiegata per la viabilit\u00e0, per la prevenzione di rischi sociali (feste, sagre, manifestazioni sportive, presepe vivente), per la prevenzione del rischio incendio, criticit\u00e0 metereologiche, corsi di aggiornamento o servizi di rappresentanza\u201d.&nbsp; \u201cProprio in riferimento alla Protezione Civile, corre obbligo informare che si sta ultimando la procedura del finanziamento regionale di 70mila \u20ac (PO FESR 2007\/2013) che ci permetter\u00e0 di rafforzare il servizio di protezione civile\u201d \u2013 ha chiarito il Comandante. \u201cStiamo avviando la procedura per l\u2019affidamento e acquisto del materiale e delle attrezzature per il Gruppo Comunale dei Volontari di protezione Civile, che permetter\u00e0 di dotare i volontari di calzature di sicurezza, divise, cassette per gli attrezzi, maschere con filtro e altro\u201d.<\/p>\n<p style=\"text-align: justify;\">\u201cTra le attivit\u00e0 del 2015 \u2013 ha quindi aggiunto Gianvito Pedone \u2013 \u00e8 stata proseguita l\u2019operazione di rinnovo delle concessioni comunali di occupazione di suolo pubblico da parte dei commercianti che frequentano il mercato settimanale e giornaliero e nelle verifiche sulla corretta applicazione del regolamento sui \u201cdehors\u201d. \u201cInoltre, sono molto soddisfatto della deliberazione, in Consiglio Comunale, sulla disciplina per il rilascio del contrassegno per i disabili e la realizzazione di stalli di sosta riservati\u201d \u2013 ha cos\u00ec aggiunto, anticipando quello che il Comune si appresta a vivere. \u201cStiamo per affidare, a breve, l\u2019incarico per la redazione del piano di segnalazione con il quale speriamo di risolvere, finalmente, alcune situazioni del nostro comune\u201d. In ultimo, prima dei saluti finali, lo stesso assessore ha ricordato l\u2019approvazione delle nuove tariffe per le procedure del SUAP, differenziando le diverse istruttorie, \u201cutili a evitare quanto accaduto qualche anno fa\u201d.<\/p>\n","protected":false},"excerpt":{"rendered":"<p><img loading=\"lazy\" decoding=\"async\" src=\"https:\/\/farm2.staticflickr.com\/1575\/24538017676_986ef004e9_n.jpg\" width=\"320\" height=\"240\" alt=\"Per la conferenza stampa al Comando di Polizia Municipale\" \/><\/p>\n","protected":false},"author":1,"featured_media":0,"comment_status":"open","ping_status":"closed","sticky":false,"template":"","format":"standard","meta":{"colormag_page_container_layout":"default_layout","colormag_page_sidebar_layout":"default_layout","footnotes":""},"categories":[7],"tags":[],"class_list":["post-13787","post","type-post","status-publish","format-standard","hentry","category-attualita"],"_links":{"self":[{"href":"https:\/\/archivioturi.lavocedelpaese.info\/index.php\/wp-json\/wp\/v2\/posts\/13787","targetHints":{"allow":["GET"]}}],"collection":[{"href":"https:\/\/archivioturi.lavocedelpaese.info\/index.php\/wp-json\/wp\/v2\/posts"}],"about":[{"href":"https:\/\/archivioturi.lavocedelpaese.info\/index.php\/wp-json\/wp\/v2\/types\/post"}],"author":[{"embeddable":true,"href":"https:\/\/archivioturi.lavocedelpaese.info\/index.php\/wp-json\/wp\/v2\/users\/1"}],"replies":[{"embeddable":true,"href":"https:\/\/archivioturi.lavocedelpaese.info\/index.php\/wp-json\/wp\/v2\/comments?post=13787"}],"version-history":[{"count":0,"href":"https:\/\/archivioturi.lavocedelpaese.info\/index.php\/wp-json\/wp\/v2\/posts\/13787\/revisions"}],"wp:attachment":[{"href":"https:\/\/archivioturi.lavocedelpaese.info\/index.php\/wp-json\/wp\/v2\/media?parent=13787"}],"wp:term":[{"taxonomy":"category","embeddable":true,"href":"https:\/\/archivioturi.lavocedelpaese.info\/index.php\/wp-json\/wp\/v2\/categories?post=13787"},{"taxonomy":"post_tag","embeddable":true,"href":"https:\/\/archivioturi.lavocedelpaese.info\/index.php\/wp-json\/wp\/v2\/tags?post=13787"}],"curies":[{"name":"wp","href":"https:\/\/api.w.org\/{rel}","templated":true}]}}