{"id":13769,"date":"2016-01-18T06:31:43","date_gmt":"2016-01-18T06:31:43","guid":{"rendered":"https:\/\/archivioturi.lavocedelpaese.info\/index.php\/2016\/01\/18\/pro-loco-una-partenza-senza-sede\/"},"modified":"2016-01-18T06:31:43","modified_gmt":"2016-01-18T06:31:43","slug":"pro-loco-una-partenza-senza-sede","status":"publish","type":"post","link":"https:\/\/archivioturi.lavocedelpaese.info\/index.php\/2016\/01\/18\/pro-loco-una-partenza-senza-sede\/","title":{"rendered":"Pro Loco: una partenza senza sede"},"content":{"rendered":"<p><img loading=\"lazy\" decoding=\"async\" src=\"https:\/\/farm2.staticflickr.com\/1449\/24121001320_6890d39e1d_n.jpg\" width=\"320\" height=\"226\" alt=\"simbolo\" \/><\/p>\n<p style=\"text-align: justify;\">La settimana scorsa, sulle nostre pagine, abbiamo accolto il neo presidente della Nuova Pro Loco, Aldo Saffi, che venerd\u00ec 7 gennaio, \u00e8 stato ufficialmente presentato ai soci. Tanti i suoi propositi e principale il suo impegno a \u201cridare dignit\u00e0\u201d ad un\u2019Associazione che nell\u2019ultimo semestre ha attraversato un percorso sicuramente tortuoso.<\/p>\n<p style=\"text-align: justify;\">Una delle prime azioni che il neo presidente ha prodotto, all\u2019indomani della sua nomina, \u00e8 stata quella di richiedere un incontro col Sindaco e l\u2019Amministrazione comunale per riavere quella sede che per diverso tempo \u00e8 stata il simbolo della Pro Loco. Pare che all\u2019inizio di questa settimana, alla missiva sia seguita una risposta e un incontro nelle stanze del Palazzo di Citt\u00e0. Uno scontro acceso, quello che alcune indiscrezioni ci raccontano, ha decretato un fermo rifiuto amministrativo a riportare il locale di via XX settembre nelle mani della Pro Loco appena ricostruitasi. Piuttosto rester\u00e0 \u201ca disposizione di quelle associazioni che, organizzando manifestazioni cittadine, ne avranno necessit\u00e0 e ne richiederanno l\u2019uso\u201d. Ricordiamo che oggi lo stesso locale \u00e8 sede del Comitato Festa Patronale.<\/p>\n<p style=\"text-align: justify;\">Un primo colpo basso ed un mancato sostegno alla neo riformata associazione turistica nazionale che ora si ritrova orfana di un luogo che per lungo tempo \u00e8 stato un suo simbolo. Nonostante il suo carattere e la sua identit\u00e0, appunto nazionale, la Pro Loco di Turi non pu\u00f2 vantare i medesimi riconoscimenti che in altri comuni la distinguono, ancora forse retaggio di un passato, molto prossimo, che ancora arde nelle memorie e che non si vuole mettere da parte per ricostruire un\u2019identit\u00e0 che porterebbe nuovamente Turi a competere con le Associazioni Unpli del Paese.<\/p>\n<p style=\"text-align: justify;\">Nessun commento alla decisione, sicuramente prima (e si spera unica) azione di ostacolo tra l\u2019Associazione e l\u2019Amministrazione, bens\u00ec un netto rimbocco delle maniche per ritornare a camminare e programmare.<\/p>\n<p style=\"text-align: justify;\">Infatti, come ci ricordano dalla Pro Loco, \u00e8 partita la nuova campagna di tesseramento. Chiunque voglia iscriversi all\u2019Associazione pu\u00f2 farlo contattandolo tramite la pagina Facebook \u2018Pro Loco Turi\u2019 e chiamando il numero 3663631424.<\/p>\n<p><img loading=\"lazy\" decoding=\"async\" src=\"https:\/\/farm2.staticflickr.com\/1521\/23789858533_b8d1e2b440_c.jpg\" width=\"566\" height=\"800\" alt=\"Locandina Giornata Dialetto_DEF\" \/><\/p>\n","protected":false},"excerpt":{"rendered":"<p><img loading=\"lazy\" decoding=\"async\" src=\"https:\/\/farm2.staticflickr.com\/1449\/24121001320_6890d39e1d_n.jpg\" width=\"320\" height=\"226\" alt=\"simbolo\" \/><\/p>\n","protected":false},"author":1,"featured_media":0,"comment_status":"open","ping_status":"closed","sticky":false,"template":"","format":"standard","meta":{"colormag_page_container_layout":"default_layout","colormag_page_sidebar_layout":"default_layout","footnotes":""},"categories":[7],"tags":[],"class_list":["post-13769","post","type-post","status-publish","format-standard","hentry","category-attualita"],"_links":{"self":[{"href":"https:\/\/archivioturi.lavocedelpaese.info\/index.php\/wp-json\/wp\/v2\/posts\/13769","targetHints":{"allow":["GET"]}}],"collection":[{"href":"https:\/\/archivioturi.lavocedelpaese.info\/index.php\/wp-json\/wp\/v2\/posts"}],"about":[{"href":"https:\/\/archivioturi.lavocedelpaese.info\/index.php\/wp-json\/wp\/v2\/types\/post"}],"author":[{"embeddable":true,"href":"https:\/\/archivioturi.lavocedelpaese.info\/index.php\/wp-json\/wp\/v2\/users\/1"}],"replies":[{"embeddable":true,"href":"https:\/\/archivioturi.lavocedelpaese.info\/index.php\/wp-json\/wp\/v2\/comments?post=13769"}],"version-history":[{"count":0,"href":"https:\/\/archivioturi.lavocedelpaese.info\/index.php\/wp-json\/wp\/v2\/posts\/13769\/revisions"}],"wp:attachment":[{"href":"https:\/\/archivioturi.lavocedelpaese.info\/index.php\/wp-json\/wp\/v2\/media?parent=13769"}],"wp:term":[{"taxonomy":"category","embeddable":true,"href":"https:\/\/archivioturi.lavocedelpaese.info\/index.php\/wp-json\/wp\/v2\/categories?post=13769"},{"taxonomy":"post_tag","embeddable":true,"href":"https:\/\/archivioturi.lavocedelpaese.info\/index.php\/wp-json\/wp\/v2\/tags?post=13769"}],"curies":[{"name":"wp","href":"https:\/\/api.w.org\/{rel}","templated":true}]}}