{"id":13761,"date":"2016-01-17T11:21:42","date_gmt":"2016-01-17T11:21:42","guid":{"rendered":"https:\/\/archivioturi.lavocedelpaese.info\/index.php\/2016\/01\/17\/potati-rami-pericolanti-a-largo-pozzi\/"},"modified":"2016-01-17T11:21:42","modified_gmt":"2016-01-17T11:21:42","slug":"potati-rami-pericolanti-a-largo-pozzi","status":"publish","type":"post","link":"https:\/\/archivioturi.lavocedelpaese.info\/index.php\/2016\/01\/17\/potati-rami-pericolanti-a-largo-pozzi\/","title":{"rendered":"Potati rami pericolanti a Largo Pozzi"},"content":{"rendered":"<p><img loading=\"lazy\" decoding=\"async\" src=\"https:\/\/farm2.staticflickr.com\/1464\/23786097913_2106897f8b_n.jpg\" width=\"320\" height=\"240\" alt=\"Alcune fasi dell'opera di rimozione (1)\" \/><\/p>\n<p class=\"Standard\" style=\"text-align: justify;\">Durante il pomeriggio di venerd\u00ec 8 gennaio, lungo il tratto di strada che unisce Largo Pozzi alla Via per Sammichele di Bari, sono stati potati due alberi per un&#8217;opera di prevenzione, curata dalla Protezione Civile e attuata dai responsabili della ditta Catucci srl.<\/p>\n<p class=\"Standard\" style=\"text-align: justify;\">I due alberi in questione erano da tempo malati, presentando sulle cortecce segni di funghi e licheni che hanno indebolito le piante, le quali (come testimoniano le foto) dopo la rimozione delle parti pericolose risultano essere quasi cave al loro interno.<\/p>\n<p class=\"Standard\" style=\"text-align: justify;\">Inoltre, l&#8217;assenza di aiuole ha portato ad un mancato approvvigionamento idrico, strettamente necessario per le piante che &#8211; proprio per questo &#8211; non hanno avuto un ambiente ideale in cui attecchire e si sono conseguentemente rese pi\u00f9 vulnerabili.<\/p>\n<p class=\"Standard\" style=\"text-align: justify;\">Gli alberi, tra l&#8217;altro, segnano il confine fra la carreggiata e il marciapiede; dunque, la caduta di quei rami avrebbe potuto provocare danni per l&#8217;incolumit\u00e0 dei passanti e per i veicoli in transito o in sosta.<\/p>\n<p class=\"Standard\" style=\"text-align: justify;\">Fortunatamente si \u00e8 scelta la via della prevenzione, intervenendo prima che la vicenda degenerasse ulteriormente. I dipendenti della Catucci srl hanno prontamente tagliato, nel giro di mezz&#8217;ora, le parti in bilico. Tuttavia, il problema sta \u201calla radice\u201d, \u00e8 il caso di dirlo. Come accennato, gli alberi sono stati piantati direttamente nel terreno senza aiuola e, purtroppo, questa pratica non ha riguardato unicamente le due piante interessate ma la maggior parte degli alberi della zona, che hanno visibilmente perso il vigore e la salute di un tempo proprio per questo motivo. Si sta ancora discutendo su quale soluzione definitiva adottare per il problema, valutando se sia pi\u00f9 opportuno intervenire di volta in volta &#8211; come si \u00e8 fatto qualche giorno fa dopo le segnalazioni di pericolo da parte dei cittadini o delle autorit\u00e0 &#8211; o se magari sia pi\u00f9 conveniente eliminare gli alberi malati una volta per tutte, procedendo ad una nuova piantumazione con metodi che ne garantiscano la sopravvivenza, anche nel lungo periodo.<\/p>\n<p><object width=\"640\" height=\"480\"><param name=\"flashvars\" value=\"offsite=true&amp;lang=it-it&amp;page_show_url=%2Fphotos%2F91470992%40N02%2Fsets%2F72157663536976596%2Fshow%2F&amp;page_show_back_url=%2Fphotos%2F91470992%40N02%2Fsets%2F72157663536976596%2F&amp;set_id=72157663536976596&amp;jump_to=\" \/><param name=\"movie\" value=\"https:\/\/www.flickr.com\/apps\/slideshow\/show.swf?v=261948265\" \/><param name=\"allowFullScreen\" value=\"true\" \/><embed type=\"application\/x-shockwave-flash\" src=\"https:\/\/www.flickr.com\/apps\/slideshow\/show.swf?v=261948265\" allowfullscreen=\"true\" flashvars=\"offsite=true&amp;lang=it-it&amp;page_show_url=%2Fphotos%2F91470992%40N02%2Fsets%2F72157663536976596%2Fshow%2F&amp;page_show_back_url=%2Fphotos%2F91470992%40N02%2Fsets%2F72157663536976596%2F&amp;set_id=72157663536976596&amp;jump_to=\" width=\"640\" height=\"480\" \/><\/object><\/p>\n","protected":false},"excerpt":{"rendered":"<p><img loading=\"lazy\" decoding=\"async\" src=\"https:\/\/farm2.staticflickr.com\/1464\/23786097913_2106897f8b_n.jpg\" width=\"320\" height=\"240\" alt=\"Alcune fasi dell'opera di rimozione (1)\" \/><\/p>\n","protected":false},"author":1,"featured_media":0,"comment_status":"open","ping_status":"closed","sticky":false,"template":"","format":"standard","meta":{"colormag_page_container_layout":"default_layout","colormag_page_sidebar_layout":"default_layout","footnotes":""},"categories":[7],"tags":[],"class_list":["post-13761","post","type-post","status-publish","format-standard","hentry","category-attualita"],"_links":{"self":[{"href":"https:\/\/archivioturi.lavocedelpaese.info\/index.php\/wp-json\/wp\/v2\/posts\/13761","targetHints":{"allow":["GET"]}}],"collection":[{"href":"https:\/\/archivioturi.lavocedelpaese.info\/index.php\/wp-json\/wp\/v2\/posts"}],"about":[{"href":"https:\/\/archivioturi.lavocedelpaese.info\/index.php\/wp-json\/wp\/v2\/types\/post"}],"author":[{"embeddable":true,"href":"https:\/\/archivioturi.lavocedelpaese.info\/index.php\/wp-json\/wp\/v2\/users\/1"}],"replies":[{"embeddable":true,"href":"https:\/\/archivioturi.lavocedelpaese.info\/index.php\/wp-json\/wp\/v2\/comments?post=13761"}],"version-history":[{"count":0,"href":"https:\/\/archivioturi.lavocedelpaese.info\/index.php\/wp-json\/wp\/v2\/posts\/13761\/revisions"}],"wp:attachment":[{"href":"https:\/\/archivioturi.lavocedelpaese.info\/index.php\/wp-json\/wp\/v2\/media?parent=13761"}],"wp:term":[{"taxonomy":"category","embeddable":true,"href":"https:\/\/archivioturi.lavocedelpaese.info\/index.php\/wp-json\/wp\/v2\/categories?post=13761"},{"taxonomy":"post_tag","embeddable":true,"href":"https:\/\/archivioturi.lavocedelpaese.info\/index.php\/wp-json\/wp\/v2\/tags?post=13761"}],"curies":[{"name":"wp","href":"https:\/\/api.w.org\/{rel}","templated":true}]}}