{"id":13757,"date":"2016-01-18T10:53:27","date_gmt":"2016-01-18T10:53:27","guid":{"rendered":"https:\/\/archivioturi.lavocedelpaese.info\/index.php\/2016\/01\/18\/una-proposta-ingiusta-ed-illogica\/"},"modified":"2016-01-18T10:53:27","modified_gmt":"2016-01-18T10:53:27","slug":"una-proposta-ingiusta-ed-illogica","status":"publish","type":"post","link":"https:\/\/archivioturi.lavocedelpaese.info\/index.php\/2016\/01\/18\/una-proposta-ingiusta-ed-illogica\/","title":{"rendered":"\u201cUna proposta ingiusta ed illogica\u201d"},"content":{"rendered":"<p><img loading=\"lazy\" decoding=\"async\" src=\"https:\/\/farm6.staticflickr.com\/5610\/15626665190_671d7681c6_n.jpg\" width=\"320\" height=\"240\" alt=\"Il Dirigente Scolastico, prof. Andrea Roncone\" \/><\/p>\n<p style=\"text-align: justify;\">\u201cCirca tre settimane fa inviai alla Regione Puglia, nella persona del governatore Michele Emiliano, una diffida affinch\u00e9 non fosse adottata quella parte del piano che prevede lo smembramento del \u201cPertini \u2013 Montale\u201d. Apre cos\u00ec il Dirigente Scolastico, professor Andrea Roncone, incontrato nel suo Istituto turese nella giornata del corteo studentesco contro la volont\u00e0 del Consiglio Metropolitano. \u201cLa cosa che pi\u00f9 colpisce \u00e8 il metodo impiegato dalla Citt\u00e0 Metropolitana, un metodo che ha calpestato, rovesciato ed irriso le decisioni di tutti gli Istituti scolastici coinvolti in questa faccenda e di tutte le Amministrazioni comunali\u201d \u2013 prosegue.<\/p>\n<p style=\"text-align: justify;\">Tre istituti scolastici, il \u201cPertini \u2013 Montale\u201d, \u201cl\u2019Ilaria Alpi\u201d di Rutigliano e il \u201cDell\u2019Erba\u201d di Castellana, ognuno con una propria identit\u00e0, ognuno ignaro del volere del Consiglio, ognuno estraneo alla stessa volont\u00e0 e al destino che la Citt\u00e0 Metropolitana vorrebbe scrivergli. Pare che il Comune di Rutigliano, che ricordiamo essere guidato dal Sindaco Roberto Romagno e amministrato anche dal consigliere Giuseppe Valenzano, entrambi all\u2019interno del Consiglio della Citt\u00e0 Metropolitana, al termine dello scorso anno, deliber\u00f2, all\u2019unanimit\u00e0, la volont\u00e0 di un accorpamento del Liceo \u201cIlaria Alpi\u201d di Rutigliano con il Liceo \u201cSante Simone\u201d di Conversano. Una deliberazione che, a quanto pare, \u00e8 stata rovesciata in sede di Consiglio Metropolitano, dove hanno approvato all\u2019unanimit\u00e0 un nuovo piano scolastico che non si accordava, quindi, con quanto deliberato nel Consiglio comunale rutiglianese.<\/p>\n<p style=\"text-align: justify;\">Non entrando nel merito politico che ha determinato un tale indirizzo da parte dei rappresentanti politici rutiglianesi, il Preside Roncone sottolinea l\u2019assoluta assenza di comunicazione con le realt\u00e0 scolastiche coinvolte. \u201cHanno calpestato il volere delle scuole e non hanno interpellato nessuno per comprendere quale potesse essere il volere delle stesse\u201d \u2013 un atteggiamento, quindi, non democratico e che esula il coinvolgimento di quelli che sono gli \u201caddetti ai lavori\u201d e i diretti interessati: studenti, docenti, dirigenti e genitori.<\/p>\n<p style=\"text-align: justify;\">\u201cUna decisione ingiusta ed illogica\u201d, quindi, quella presa lo scorso 21 dicembre che porterebbe ad un \u201cdisastro\u201d dal punto di vista scolastico, come lo stesso professor Andrea Roncone ci spiega. \u201cOgni scuola ha la sua storia, la sua progettualit\u00e0, il suo percorso. Noi abbiamo deciso di adottare i libri elettronici, una decisione tutta del \u201cPertini \u2013 Montale\u201d, ma non sappiamo se il \u201cDell\u2019Erba\u201d sia favorevole alla decisione\u201d &#8211; continua. E in effetti lo sguardo tutto tecnologico del &#8220;Pertini \u2013 Montale&#8221; non si ritrova nell\u2019Istituto di Castellana dove, piuttosto, gli studenti usano ancora i libri tradizionali. In tutto questo, \u201ci ragazzi che da noi hanno cominciato ad impiegarli, si troverebbero in difficolt\u00e0!\u201d. \u201cNella nostra scuola, inoltre, abbiamo avviato una serie di progetti di potenziamento sportivo e linguistico che, se la scuola venisse smembrata, non avrebbero prosecuzione\u201d. Un lungo lavoro di costruzione, avviato tre anni fa, che potrebbe divenire come sabbia al vento per una \u201cdecisione illogica e priva di senso presa dalla Citt\u00e0 Metropolitana che ha votato superando le volont\u00e0 degli studenti, dei docenti, dei dirigenti scolastici e dei genitori\u201d.<\/p>\n<p style=\"text-align: justify;\">\u201cRingrazio l\u2019Amministrazione di Turi, in principal modo il Sindaco, che ci stanno sostenendo e dando una mano in questa battaglia. Ringrazio il paese tutto, che ha percepito il serio pericolo di perdere l\u2019unico Istituto Superiore presente nel suo territorio, avviato trent\u2019anni fa\u201d \u2013 rimarca il Dirigente Scolastico. \u201cSin dal primo momento in cui abbiamo saputo del blitz della Citt\u00e0 Metropolitana, l\u2019Amministrazione comunale ci sta aiutando a respingere la proposta del Consiglio. Ora ci rivolgiamo agli Amministratori regionali e a loro, tutti i genitori del \u201cPertini-Montale, circa 1500 persone, hanno indirizzato un appello che permetta alla scuola di mantenere la sua identit\u00e0, risollevando tutta la comunit\u00e0 dallo spaesamento nel quale la proposta ci ha gettato\u201d.<\/p>\n<p style=\"text-align: justify;\">\u201cRecapiteremo presto \u2013 aggiunge infine Roncone &#8211; gli appelli sottoscritti dai genitori, direttamente ad Emiliano, colui che ha fatto della partecipazione democratica la bandiera della sua Amministrazione Regionale, affinch\u00e9 sappia che non sono i consiglieri metropolitani i proprietari delle scuole, e che questi non possono giocare con i destini degli Istituti come se stessero giocando al Monopoli, ma sono l\u00ec per servire. Emiliano dovrebbe intervenire pesantemente sia per quest\u2019anno che per gli anni a venire\u201d.<\/p>\n","protected":false},"excerpt":{"rendered":"<p><img loading=\"lazy\" decoding=\"async\" src=\"https:\/\/farm6.staticflickr.com\/5610\/15626665190_671d7681c6_n.jpg\" width=\"320\" height=\"240\" alt=\"Il Dirigente Scolastico, prof. Andrea Roncone\" \/><\/p>\n","protected":false},"author":1,"featured_media":0,"comment_status":"open","ping_status":"closed","sticky":false,"template":"","format":"standard","meta":{"colormag_page_container_layout":"default_layout","colormag_page_sidebar_layout":"default_layout","footnotes":""},"categories":[7],"tags":[],"class_list":["post-13757","post","type-post","status-publish","format-standard","hentry","category-attualita"],"_links":{"self":[{"href":"https:\/\/archivioturi.lavocedelpaese.info\/index.php\/wp-json\/wp\/v2\/posts\/13757","targetHints":{"allow":["GET"]}}],"collection":[{"href":"https:\/\/archivioturi.lavocedelpaese.info\/index.php\/wp-json\/wp\/v2\/posts"}],"about":[{"href":"https:\/\/archivioturi.lavocedelpaese.info\/index.php\/wp-json\/wp\/v2\/types\/post"}],"author":[{"embeddable":true,"href":"https:\/\/archivioturi.lavocedelpaese.info\/index.php\/wp-json\/wp\/v2\/users\/1"}],"replies":[{"embeddable":true,"href":"https:\/\/archivioturi.lavocedelpaese.info\/index.php\/wp-json\/wp\/v2\/comments?post=13757"}],"version-history":[{"count":0,"href":"https:\/\/archivioturi.lavocedelpaese.info\/index.php\/wp-json\/wp\/v2\/posts\/13757\/revisions"}],"wp:attachment":[{"href":"https:\/\/archivioturi.lavocedelpaese.info\/index.php\/wp-json\/wp\/v2\/media?parent=13757"}],"wp:term":[{"taxonomy":"category","embeddable":true,"href":"https:\/\/archivioturi.lavocedelpaese.info\/index.php\/wp-json\/wp\/v2\/categories?post=13757"},{"taxonomy":"post_tag","embeddable":true,"href":"https:\/\/archivioturi.lavocedelpaese.info\/index.php\/wp-json\/wp\/v2\/tags?post=13757"}],"curies":[{"name":"wp","href":"https:\/\/api.w.org\/{rel}","templated":true}]}}