{"id":13753,"date":"2016-01-15T17:57:31","date_gmt":"2016-01-15T17:57:31","guid":{"rendered":"https:\/\/archivioturi.lavocedelpaese.info\/index.php\/2016\/01\/15\/linee-guida-in-caso-di-neve-e-gelo\/"},"modified":"2016-01-15T17:57:31","modified_gmt":"2016-01-15T17:57:31","slug":"linee-guida-in-caso-di-neve-e-gelo","status":"publish","type":"post","link":"https:\/\/archivioturi.lavocedelpaese.info\/index.php\/2016\/01\/15\/linee-guida-in-caso-di-neve-e-gelo\/","title":{"rendered":"Linee guida in caso di neve e gelo"},"content":{"rendered":"<p><img loading=\"lazy\" decoding=\"async\" src=\"https:\/\/farm6.staticflickr.com\/5621\/20920017734_97fc6e94fd_n.jpg\" width=\"320\" height=\"240\" alt=\"Comandante Campanella\" \/><\/p>\n<h2 style=\"text-align: justify;\">Prima dell\u2019evento<\/h2>\n<ul style=\"text-align: justify;\">\n<li>Informati sull\u2019evoluzione della situazione meteo, ascoltando i telegiornali o i radiogiornali locali;<\/li>\n<li><strong>Procurati l\u2019attrezzatura necessaria contro neve e gelo<\/strong> o verificane lo stato: pala e scorte di sale sono strumenti indispensabili per la tua abitazione o per il tuo esercizio commerciale;<\/li>\n<li><strong>Presta attenzione alla tua auto<\/strong> che, in inverno pi\u00f9 che mai, deve essere pronta per affrontare neve e ghiaccio;<\/li>\n<li>Monta <strong>pneumatici da neve<\/strong>, consigliabili per chi viaggia d\u2019inverno in zone con basse temperature, <strong>oppure porta a bordo catene da neve<\/strong>, preferibilmente a montaggio rapido;<\/li>\n<li>Fai qualche prova di montaggio delle catene: meglio imparare ad usarle prima, piuttosto che trovarsi in difficolt\u00e0 sotto una fitta nevicata;<\/li>\n<li>Controlla che ci sia il liquido antigelo nell\u2019acqua del radiatore;<\/li>\n<li>Verifica lo stato della batteria e l\u2019efficienza delle spazzole dei tergicristalli;<\/li>\n<li>Non dimenticare di tenere in auto i cavi per l\u2019accensione forzata, pinze, torcia e guanti da lavoro.<\/li>\n<li>Preoccupati di <strong>togliere la neve dal tuo accesso privato o dal tuo passo carraio<\/strong>. Non buttarla in strada, potresti intralciare il lavoro dei mezzi spazzaneve;<\/li>\n<li>Se puoi, <strong>evita di utilizzare l\u2019auto quando nevica<\/strong> e, se possibile, lasciala in garage. Riducendo il traffico e il numero di mezzi in sosta su strade e aree pubbliche, agevolerai molto le operazioni di sgombero neve.<\/li>\n<\/ul>\n<h2 style=\"text-align: justify;\">Durante l\u2019evento<\/h2>\n<p style=\"text-align: justify;\" align=\"left\"><em>Se sei costretto a prendere l\u2019auto segui queste piccole regole di buon senso:<\/em><\/p>\n<ul style=\"text-align: justify;\">\n<li>Libera interamente l\u2019auto e non solo i finestrini dalla neve;<\/li>\n<li>Tieni accese le luci per renderti pi\u00f9 visibile sulla strada;<\/li>\n<li>Mantieni una <strong>velocit\u00e0 ridotta<\/strong>, usando <strong>marce basse<\/strong> per evitare il pi\u00f9 possibile le frenate. Prediligi, piuttosto, l\u2019utilizzo del freno motore;<\/li>\n<li><strong>Evita manovre brusche e sterzate improvvise<\/strong>;<\/li>\n<li>Accelera dolcemente e aumenta la distanza di sicurezza dal veicolo che ti precede;<\/li>\n<li>Ricorda che in salita \u00e8 essenziale procedere senza mai arrestarsi. Una volta fermi \u00e8 difficile ripartire e la sosta forzata della tua auto pu\u00f2 intralciare il transito degli altri veicoli;<\/li>\n<li>Parcheggia correttamente la tua auto in maniera che non ostacoli il lavori dei mezzi sgombraneve; ? &nbsp;&nbsp; <strong>Non utilizzare mezzi di trasporto a due ruote<\/strong>.<\/li>\n<li>Ricorda che, dopo la nevicata, \u00e8 possibile la <strong>formazione di ghiaccio<\/strong> sia sulle strade che sui marciapiedi. Presta quindi <strong>attenzione al fondo stradale<\/strong>, guidando con particolare prudenza;<\/li>\n<li>Se ti sposti a piedi scegli con cura le tue scarpe per <strong>evitare cadute e scivoloni<\/strong> e muoviti con cautela.<\/li>\n<\/ul>\n<h2 style=\"text-align: justify;\">Dopo l\u2019evento<\/h2>\n<p style=\"text-align: justify;\">Per qualsiasi emergenza chiamare il <strong>Comando di Polizia Locale (080.8915014)<\/strong>, oppure la <strong>Stazione dei Carabinieri (080.8915010)<\/strong>, oltre al <strong>118 per le emergenze sanitarie<\/strong> ed il <strong>115 per attivazione dei Vigili del Fuoco<\/strong>.<\/p>\n<p style=\"text-align: justify;\">&nbsp;<\/p>\n<p style=\"text-align: right;\"><em><strong>COORDINATORE GRUPPO COMUNALE VOLONTARI PROTEZIONE CIVILE F. to VITO MARCO A. DI PINTO&nbsp;&nbsp;<\/strong><\/em><\/p>\n<p align=\"left\" style=\"text-align: right;\"><em><strong>ASSESSORE PROTEZIONE CIVILE&nbsp; &nbsp;&nbsp;&nbsp;&nbsp;&nbsp;&nbsp;&nbsp;&nbsp;&nbsp;&nbsp;&nbsp;&nbsp;&nbsp; &nbsp;&nbsp;&nbsp;&nbsp;&nbsp;&nbsp;&nbsp;&nbsp;&nbsp;&nbsp;&nbsp;&nbsp;&nbsp;&nbsp;&nbsp; &nbsp;&nbsp;&nbsp;&nbsp;&nbsp;&nbsp;&nbsp;&nbsp;&nbsp;&nbsp;&nbsp;&nbsp;&nbsp;&nbsp;&nbsp; &nbsp;&nbsp;&nbsp;&nbsp;&nbsp;&nbsp;&nbsp;&nbsp;&nbsp;&nbsp;&nbsp;&nbsp;&nbsp;&nbsp;&nbsp; COMANDANTE POLIZIA LOCALE<\/strong><\/em><\/p>\n<p align=\"left\" style=\"text-align: right;\"><em><strong>F.to Dott. Gianvito PEDONE &nbsp;&nbsp;&nbsp;&nbsp;&nbsp;&nbsp; &nbsp;&nbsp;&nbsp;&nbsp;&nbsp;&nbsp;&nbsp;&nbsp;&nbsp;&nbsp;&nbsp;&nbsp;&nbsp;&nbsp;&nbsp; &nbsp;&nbsp;&nbsp;&nbsp;&nbsp;&nbsp;&nbsp;&nbsp;&nbsp;&nbsp;&nbsp;&nbsp;&nbsp;&nbsp;&nbsp; &nbsp;&nbsp;&nbsp;&nbsp;&nbsp;&nbsp;&nbsp;&nbsp;&nbsp;&nbsp;&nbsp;&nbsp;&nbsp;&nbsp;&nbsp; &nbsp;&nbsp;&nbsp;&nbsp;&nbsp;&nbsp;&nbsp;&nbsp;&nbsp;&nbsp;&nbsp;&nbsp;&nbsp;&nbsp; F.to Dott. Raffaele CAMPANELLA<\/strong><\/em>&nbsp;<\/p>\n","protected":false},"excerpt":{"rendered":"<p><img loading=\"lazy\" decoding=\"async\" src=\"https:\/\/farm6.staticflickr.com\/5621\/20920017734_97fc6e94fd_n.jpg\" width=\"320\" height=\"240\" alt=\"Comandante Campanella\" \/><\/p>\n","protected":false},"author":1,"featured_media":0,"comment_status":"open","ping_status":"closed","sticky":false,"template":"","format":"standard","meta":{"colormag_page_container_layout":"default_layout","colormag_page_sidebar_layout":"default_layout","footnotes":""},"categories":[4],"tags":[],"class_list":["post-13753","post","type-post","status-publish","format-standard","hentry","category-politica"],"_links":{"self":[{"href":"https:\/\/archivioturi.lavocedelpaese.info\/index.php\/wp-json\/wp\/v2\/posts\/13753","targetHints":{"allow":["GET"]}}],"collection":[{"href":"https:\/\/archivioturi.lavocedelpaese.info\/index.php\/wp-json\/wp\/v2\/posts"}],"about":[{"href":"https:\/\/archivioturi.lavocedelpaese.info\/index.php\/wp-json\/wp\/v2\/types\/post"}],"author":[{"embeddable":true,"href":"https:\/\/archivioturi.lavocedelpaese.info\/index.php\/wp-json\/wp\/v2\/users\/1"}],"replies":[{"embeddable":true,"href":"https:\/\/archivioturi.lavocedelpaese.info\/index.php\/wp-json\/wp\/v2\/comments?post=13753"}],"version-history":[{"count":0,"href":"https:\/\/archivioturi.lavocedelpaese.info\/index.php\/wp-json\/wp\/v2\/posts\/13753\/revisions"}],"wp:attachment":[{"href":"https:\/\/archivioturi.lavocedelpaese.info\/index.php\/wp-json\/wp\/v2\/media?parent=13753"}],"wp:term":[{"taxonomy":"category","embeddable":true,"href":"https:\/\/archivioturi.lavocedelpaese.info\/index.php\/wp-json\/wp\/v2\/categories?post=13753"},{"taxonomy":"post_tag","embeddable":true,"href":"https:\/\/archivioturi.lavocedelpaese.info\/index.php\/wp-json\/wp\/v2\/tags?post=13753"}],"curies":[{"name":"wp","href":"https:\/\/api.w.org\/{rel}","templated":true}]}}