{"id":13751,"date":"2016-01-18T17:39:05","date_gmt":"2016-01-18T17:39:05","guid":{"rendered":"https:\/\/archivioturi.lavocedelpaese.info\/index.php\/2016\/01\/18\/via-conversano-qualcuno-deve-pagare\/"},"modified":"2016-01-18T17:39:05","modified_gmt":"2016-01-18T17:39:05","slug":"via-conversano-qualcuno-deve-pagare","status":"publish","type":"post","link":"https:\/\/archivioturi.lavocedelpaese.info\/index.php\/2016\/01\/18\/via-conversano-qualcuno-deve-pagare\/","title":{"rendered":"Via Conversano: \u201cQualcuno deve pagare\u201d"},"content":{"rendered":"<p><img loading=\"lazy\" decoding=\"async\" src=\"https:\/\/farm2.staticflickr.com\/1600\/23772059783_69363b7bdb_n.jpg\" alt=\"Da sinistra, Settanni, Laera e Catalano\" width=\"320\" height=\"240\" \/><\/p>\n<p style=\"text-align: justify;\">Fratelli d\u2019Italia, nelle persone di Sandro Laera e Giovanni Settanni, e Rinascita Civica, rappresentata da Carmine Catalano, hanno indetto mercoled\u00ec scorso una conferenza stampa per discutere del grave errore commesso a Lama Giotta in via Conversano, principalmente riguardante la larghezza della carreggiata del ponte che si deve necessariamente attraversare per raggiungere Conversano. In questo tratto di strada, da quanto ci viene riferito durante l\u2019incontro, la larghezza della carreggiata sarebbe di 6,70 mt, \u201cben al di sotto di quanto preveda la norma, che impone un minimo di 8 mt\u201d \u2013 spiega Carmine Catalano. Inoltre, precisa Sandro Laera, proprio in quel punto vi sarebbe una curva \u201cad angolo vivo\u201d: questo significherebbe che un mezzo pesante, per attraversarlo, deve necessariamente allargarsi spingendosi sulla corsia opposta. E da qui il problema degli autobus, che non potrebbero circolare contemporaneamente in maniera opposta su quella porzione di via. Questione da non tenere in poco conto, visto che ogni giorno molti giovani studenti si recano a scuola a Conversano. Oltre ad un errore di cui si ignorano le responsabilit\u00e0, sarebbe anche un pericolo per i nostri figli.<\/p>\n<p><img loading=\"lazy\" decoding=\"async\" src=\"https:\/\/farm2.staticflickr.com\/1718\/24031006759_71b90ab2f4_n.jpg\" alt=\"Il ponte di via Conversano\" width=\"240\" height=\"320\" style=\"float: right;\" \/><\/p>\n<p style=\"text-align: justify;\">Ad ogni modo, spiega Laera, \u201cil tema fondamentale su cui vogliamo focalizzare questa conferenza stampa \u00e8&nbsp; l\u2019inefficienza di chi svolge il ruolo amministrativo e quello politico. Perch\u00e9 in questo caso c\u2019\u00e8 una doppia responsabilit\u00e0\u201d. La prima ad essere oggetto di discussione \u00e8 il funzionario dei lavori pubblici, l\u2019arch. Susca, per la quale Rinascita Civica e Fratelli d\u2019Italia chiedono la sospensione. \u201cL\u2019architetto deve essere sospesa \u2013 afferma Catalano \u2013 perch\u00e9 sta facendo danni dal 2003\u201d, senza dimenticare di elencare i compensi extra che la stessa percepirebbe da ogni progettazione, anche se affidata esternamente.<\/p>\n<p style=\"text-align: justify;\">Per Laera, \u00e8 giunto il momento che qualcuno si assuma la responsabilit\u00e0 politica di quanto accaduto. \u201cAmmesso che la progettazione fosse stata corretta \u2013 si chiede \u2013 il direttore dei lavori e l\u2019assessore ai lavori pubblici cosa stavano facendo?\u201d. Il consigliere lamenta la scarsit\u00e0 dei sopralluoghi e dei controlli e invita l\u2019ass. Camposeo a dimettersi, perch\u00e9 questa mancata vigilanza su lavori cos\u00ec importanti \u00e8 indice o di assenza di volont\u00e0 e disinteresse o addirittura di totale carenza di capacit\u00e0.<\/p>\n<p style=\"text-align: justify;\">\u201cQualcuno deve pagare\u201d \u2013 sottolinea ancora Laera, riferendosi anche all\u2019aspetto economico: \u201cE i costi? L\u00e0 qualcuno deve pagare, non possono essere i cittadini a farlo\u201d. In effetti, da quanto riferisce Catalano, \u201cdopo altri sopralluoghi, anche con la ditta che esegue i lavori, \u00e8 venuta fuori la voce che non interromperanno i lavori. Quando sar\u00e0 finito tutto, dovranno fare un nuovo progetto per abbattere l\u2019attuale ponte e rifarne un altro: significa che qua stiamo parlando di soldi. Si parla di almeno 200mila euro per fare una cosa di quelle\u201d. Cifra che si va ad aggiungere ai 900mila euro (dato fornito in conferenza dal rappresentate di Rinascita Civica) gi\u00e0 spesi per la realizzazione dei lavori attuali.<\/p>\n<p style=\"text-align: justify;\">Se l\u2019Amministrazione non prender\u00e0 provvedimenti seri, Catalano, Laera e Settanni si dicono pronti a rivolgersi in Procura, \u201cperch\u00e9 qualcuno deve pagare\u201d.<\/p>\n<p style=\"text-align: justify;\">Chiude l\u2019incontro il coordinatore di Fratelli d\u2019Italia Settanni, il quale uscendo un po\u2019 dal tema centrale della conferenza, parla della mancanza di peso politico di Coppi a Bari, cos\u00ec come del circolo locale del Pd a cui lo stesso appartiene. \u201cQualcuno a Bari non sapeva nemmeno che a Turi ci fosse un sindaco del Pd\u201d \u2013 afferma.<\/p>\n","protected":false},"excerpt":{"rendered":"<p><img loading=\"lazy\" decoding=\"async\" src=\"https:\/\/farm2.staticflickr.com\/1600\/23772059783_69363b7bdb_n.jpg\" alt=\"Da sinistra, Settanni, Laera e Catalano\" width=\"320\" height=\"240\" \/><\/p>\n","protected":false},"author":1,"featured_media":0,"comment_status":"open","ping_status":"closed","sticky":false,"template":"","format":"standard","meta":{"colormag_page_container_layout":"default_layout","colormag_page_sidebar_layout":"default_layout","footnotes":""},"categories":[4],"tags":[],"class_list":["post-13751","post","type-post","status-publish","format-standard","hentry","category-politica"],"_links":{"self":[{"href":"https:\/\/archivioturi.lavocedelpaese.info\/index.php\/wp-json\/wp\/v2\/posts\/13751","targetHints":{"allow":["GET"]}}],"collection":[{"href":"https:\/\/archivioturi.lavocedelpaese.info\/index.php\/wp-json\/wp\/v2\/posts"}],"about":[{"href":"https:\/\/archivioturi.lavocedelpaese.info\/index.php\/wp-json\/wp\/v2\/types\/post"}],"author":[{"embeddable":true,"href":"https:\/\/archivioturi.lavocedelpaese.info\/index.php\/wp-json\/wp\/v2\/users\/1"}],"replies":[{"embeddable":true,"href":"https:\/\/archivioturi.lavocedelpaese.info\/index.php\/wp-json\/wp\/v2\/comments?post=13751"}],"version-history":[{"count":0,"href":"https:\/\/archivioturi.lavocedelpaese.info\/index.php\/wp-json\/wp\/v2\/posts\/13751\/revisions"}],"wp:attachment":[{"href":"https:\/\/archivioturi.lavocedelpaese.info\/index.php\/wp-json\/wp\/v2\/media?parent=13751"}],"wp:term":[{"taxonomy":"category","embeddable":true,"href":"https:\/\/archivioturi.lavocedelpaese.info\/index.php\/wp-json\/wp\/v2\/categories?post=13751"},{"taxonomy":"post_tag","embeddable":true,"href":"https:\/\/archivioturi.lavocedelpaese.info\/index.php\/wp-json\/wp\/v2\/tags?post=13751"}],"curies":[{"name":"wp","href":"https:\/\/api.w.org\/{rel}","templated":true}]}}