{"id":13748,"date":"2016-01-14T15:43:31","date_gmt":"2016-01-14T15:43:31","guid":{"rendered":"https:\/\/archivioturi.lavocedelpaese.info\/index.php\/2016\/01\/14\/arianna-gasparro-faccio-un-passo-indietro-per-il-bene-del-partito\/"},"modified":"2016-01-14T15:43:31","modified_gmt":"2016-01-14T15:43:31","slug":"arianna-gasparro-faccio-un-passo-indietro-per-il-bene-del-partito","status":"publish","type":"post","link":"https:\/\/archivioturi.lavocedelpaese.info\/index.php\/2016\/01\/14\/arianna-gasparro-faccio-un-passo-indietro-per-il-bene-del-partito\/","title":{"rendered":"Arianna Gasparro: &#8216;Faccio un passo indietro per il bene del Partito&#8217;"},"content":{"rendered":"<p><img loading=\"lazy\" decoding=\"async\" src=\"https:\/\/farm8.staticflickr.com\/7593\/16624934807_fabf9bf6a5_n.jpg\" alt=\"Il taglio del nastro\" width=\"213\" height=\"320\" \/><\/p>\n<p style=\"text-align: justify;\"><strong><em><span style=\"line-height: 16.2px;\">Riceviamo e pubblichiamo la lettera del consigliere di maggioranza Pd Arianna Gasparro inviata agli organi del Partito Democratico<\/span><\/em><\/strong><\/p>\n<p style=\"text-align: justify;\"><span style=\"line-height: 16.2px;\">Dopo una attenta e serena analisi della situazione politica e amministrativa, vi comunico che nell\u2019interesse del Partito ho deciso di fare un passo indietro rispetto alla mia adesione ad un circolo nel quale sembra non esistere neanche il buon senso comune dell&#8217;educazione politica e civile.<\/span><\/p>\n<p style=\"text-align: justify;\">Infatti ritengo inaccettabile che un assessore del nostro Partito, Giusy Caldararo, attacchi pubblicamente un consigliere della sua maggioranza e membro del suo stesso partito con affermazioni false e diffamatorie, dichiarazioni ridicole che fanno male a tutto il Partito.<\/p>\n<p style=\"text-align: justify;\">Mi vergogno per lei.<\/p>\n<p style=\"text-align: justify;\">Il Sindaco sa bene che non ho mai voluto deleghe n\u00e8 chiesto nulla. La mia candidatura \u00e8 nata dalla sua richiesta, accettata per la stima che ho sempre nutrito nei suoi confronti e unicamente per contribuire al bene del mio paese. Tuttavia in due anni di amministrazione abbiamo fatto poco e nulla e ho dovuto spesso difendere errori politici e decisioni non sempre condivise. Consapevole che il mio continuo silenzio in seno al Consiglio Comunale non \u00e8 di stimolo per nessuno, ritengo sia giunto il tempo di cambiare passo. Non possiamo rimandare e continuare a nascondere i problemi sotto il tappeto, Turi non pu\u00f2 permetterselo.<\/p>\n<p style=\"text-align: justify;\">Affermazioni pubbliche infondate rappresentano errori che non si possono risolvere con scuse di facciata e qualche pacca sulla spalla, ne va del futuro del Partito a cui io non sono mai stata indifferente e al quale fin dalla sua nascita ho dedicato una parte importante del mio impegno. Sia chiaro a tutti che riconosco in Giuseppe Gravinese un buon segretario, mi complimento per il lavoro gi\u00e0 svolto e lo invito a continuare su questa strada, ci\u00f2 nonostante per me oggi manca sia la maturit\u00e0 politica sia il clima per continuare ad aderire ad un circolo che ha bisogno di rafforzarsi e non di baruffe inconsistenti.<\/p>\n<p style=\"text-align: justify;\">Faccio dunque io un passo indietro per il bene del Partito Democratico, in attesa che maturino i tempi e le persone per una discussione politica e chiarificatrice pi\u00f9 ampia sull&#8217;attivit\u00e0 amministrativa che ritengo ad oggi non abbia ancora cambiato in nessun modo il nostro paese.<\/p>\n<p style=\"text-align: justify;\">Spero che questa mia posizione chiarisca, una volta per tutte, che non ho nessuna volont\u00e0 di riscaldare poltrone o accaparrarmi deleghe, n\u00e8 tantomeno voglio essere uno strumento per dividere il Partito. Continuer\u00f2 a lavorare nel mio ruolo di consigliere di maggioranza confrontandomi e rispondendo ai tanti cittadini che ci chiedono di cambiare.<\/p>\n<p><strong>Arianna Gasparro<\/strong><\/p>\n<p><strong><br \/><\/strong><\/p>\n<p><strong><br \/><\/strong><\/p>\n<p style=\"text-align: justify;\"><strong><em style=\"line-height: 16.2px;\">L&#8217;assessore Giusy Caldararo ha prontamente replicato al documento del consigliere Arianna Gasparro.&nbsp;<strong><em>Sul prossimo settimanale LA VOCE DEL PAESE approfondimenti e dichiarazioni sulla crisi di maggioranza che si fa ancora pi\u00f9 profonda.&nbsp;<\/em><\/strong><\/em><\/strong><\/p>\n<p style=\"text-align: justify;\"><em style=\"line-height: 16.2px;\"><em>In basso il post pubblicato su Facebook dall&#8217;assessore Caldararo<\/em><\/em><\/p>\n<p><img loading=\"lazy\" decoding=\"async\" style=\"line-height: 16.2px;\" src=\"https:\/\/farm2.staticflickr.com\/1586\/24242639732_ed7f8bb78d_z.jpg\" alt=\"IMG-20160110-WA0008\" width=\"640\" height=\"634\" \/><\/p>\n<p style=\"text-align: justify;\">&nbsp;<\/p>\n","protected":false},"excerpt":{"rendered":"<p><img loading=\"lazy\" decoding=\"async\" src=\"https:\/\/farm8.staticflickr.com\/7593\/16624934807_fabf9bf6a5_n.jpg\" alt=\"Il taglio del nastro\" width=\"213\" height=\"320\" \/><\/p>\n","protected":false},"author":1,"featured_media":0,"comment_status":"open","ping_status":"closed","sticky":false,"template":"","format":"standard","meta":{"colormag_page_container_layout":"default_layout","colormag_page_sidebar_layout":"default_layout","footnotes":""},"categories":[4],"tags":[],"class_list":["post-13748","post","type-post","status-publish","format-standard","hentry","category-politica"],"_links":{"self":[{"href":"https:\/\/archivioturi.lavocedelpaese.info\/index.php\/wp-json\/wp\/v2\/posts\/13748","targetHints":{"allow":["GET"]}}],"collection":[{"href":"https:\/\/archivioturi.lavocedelpaese.info\/index.php\/wp-json\/wp\/v2\/posts"}],"about":[{"href":"https:\/\/archivioturi.lavocedelpaese.info\/index.php\/wp-json\/wp\/v2\/types\/post"}],"author":[{"embeddable":true,"href":"https:\/\/archivioturi.lavocedelpaese.info\/index.php\/wp-json\/wp\/v2\/users\/1"}],"replies":[{"embeddable":true,"href":"https:\/\/archivioturi.lavocedelpaese.info\/index.php\/wp-json\/wp\/v2\/comments?post=13748"}],"version-history":[{"count":0,"href":"https:\/\/archivioturi.lavocedelpaese.info\/index.php\/wp-json\/wp\/v2\/posts\/13748\/revisions"}],"wp:attachment":[{"href":"https:\/\/archivioturi.lavocedelpaese.info\/index.php\/wp-json\/wp\/v2\/media?parent=13748"}],"wp:term":[{"taxonomy":"category","embeddable":true,"href":"https:\/\/archivioturi.lavocedelpaese.info\/index.php\/wp-json\/wp\/v2\/categories?post=13748"},{"taxonomy":"post_tag","embeddable":true,"href":"https:\/\/archivioturi.lavocedelpaese.info\/index.php\/wp-json\/wp\/v2\/tags?post=13748"}],"curies":[{"name":"wp","href":"https:\/\/api.w.org\/{rel}","templated":true}]}}