{"id":13745,"date":"2016-01-11T15:44:05","date_gmt":"2016-01-11T15:44:05","guid":{"rendered":"https:\/\/archivioturi.lavocedelpaese.info\/index.php\/2016\/01\/11\/giovani-ma-non-inesperti\/"},"modified":"2016-01-11T15:44:05","modified_gmt":"2016-01-11T15:44:05","slug":"giovani-ma-non-inesperti","status":"publish","type":"post","link":"https:\/\/archivioturi.lavocedelpaese.info\/index.php\/2016\/01\/11\/giovani-ma-non-inesperti\/","title":{"rendered":"Giovani ma non inesperti!"},"content":{"rendered":"<p><img loading=\"lazy\" decoding=\"async\" src=\"https:\/\/farm2.staticflickr.com\/1709\/24180660152_1496a9a969_n.jpg\" width=\"320\" height=\"240\" alt=\"1656070_1695498290663346_5545256859783162304_n\" \/><\/p>\n<p style=\"text-align: justify;\">\u00c8 stato sicuramente l\u2019appuntamento pi\u00f9 condiviso, atteso e seguito di tutto il calendario natalizio turese. Ad organizzarlo, come tutti ormai sanno, la giovane Associazione Post-it che, sostenuta da cittadini e associazioni locali, ha dato vita ad un evento che ha raccolto tantissimi consensi e apprezzamenti.<\/p>\n<p style=\"text-align: justify;\">Calato il sipario sulla loro prima organizzazione del Presepe Vivente, li abbiamo incontrati.<\/p>\n<p style=\"text-align: justify;\"><strong>Vi attendevate un cos\u00ec grande successo e afflusso di pubblico?<\/strong><\/p>\n<p style=\"text-align: justify;\">\u201cOnestamente no! Non ci aspettavamo cos\u00ec tanta gente, proprio perch\u00e9 abbiamo dedicato gran parte del tempo a disposizione, nei lavori di preparazione per l\u2019evento, quindi non abbiamo avuto modo di soffermarci a pensare all\u2019eventuale e potenziale riscontro, sebbene ci\u00f2 che stavamo realizzando fosse, ai nostri occhi, gi\u00e0 qualcosa di meraviglioso. \u00c8 inutile negare che il successo dell\u2019evento derivi dai nostri concittadini in primis, poich\u00e9 hanno creduto nella forza dei giovani, hanno voluto esplorare il loro potenziale e soprattutto credono, come noi, che la novit\u00e0 sia condizione necessaria per la crescita\u201d.<\/p>\n<p style=\"text-align: justify;\"><strong>Col senno di poi, avreste cambiato qualcosa?<\/strong><\/p>\n<p style=\"text-align: justify;\">\u201cNo, non avremmo cambiato nulla, almeno per quanto concerne l\u2019evento in senso stretto, ma giustificandoci, almeno in parte con l\u2019inaspettato numero di visitatori, ammettiamo che non abbiamo valutato bene (solo nella prima serata) le modalit\u00e0 di ingresso e di uscita. Dato che gli errori e i suggerimenti sono per noi essenziali per la crescita, abbiamo prontamente risolto nella serata successiva\u201d.<\/p>\n<p style=\"text-align: justify;\"><strong>Qualcuno si \u00e8 domandato il motivo per il quale avete dedicato solo due serate, dell&#8217;intero periodo festivo, al presepe vivente&#8230;Quali le vostre motivazioni?<\/strong><strong><\/strong><\/p>\n<p style=\"text-align: justify;\">\u201cVolevamo essere prudenti per due semplici motivi: in primis, perch\u00e9 \u00e8 stata la nostra prima esperienza; il secondo motivo \u00e8 quello che non potevamo conoscere il riscontro della manifestazione\u201d.<\/p>\n<p style=\"text-align: justify;\"><strong>Una location sicuramente nuova e che ha contribuito a far crescere la curiosit\u00e0 dei cittadini. Come \u00e8 nata questa scelta e, se avrete la possibilit\u00e0 di rifarlo, pensate a un nuovo luogo turese da valorizzare?<\/strong><strong><\/strong><\/p>\n<p style=\"text-align: justify;\">\u201cL\u2019obiettivo che ci ha fatti nascere, e che ci accompagner\u00e0 nel mentre della nostra crescita \u00e8 quello di portare delle novit\u00e0 a Turi, ma il cimitero vecchio, vogliamo che diventi la \u201ccasa\u201d di una nuova tradizione: il presepe vivente. Quindi se avessimo la possibilit\u00e0 in futuro di riproporlo, non penseremmo ad una location diversa da quella del 2015. Infine per rispondere all\u2019ultimo quesito, promettiamo a Turi di impegnarci per valorizzare altri posti in occasione di altri eventi\u201d.<\/p>\n","protected":false},"excerpt":{"rendered":"<p><img loading=\"lazy\" decoding=\"async\" src=\"https:\/\/farm2.staticflickr.com\/1709\/24180660152_1496a9a969_n.jpg\" width=\"320\" height=\"240\" alt=\"1656070_1695498290663346_5545256859783162304_n\" \/><\/p>\n","protected":false},"author":1,"featured_media":0,"comment_status":"open","ping_status":"closed","sticky":false,"template":"","format":"standard","meta":{"colormag_page_container_layout":"default_layout","colormag_page_sidebar_layout":"default_layout","footnotes":""},"categories":[7],"tags":[],"class_list":["post-13745","post","type-post","status-publish","format-standard","hentry","category-attualita"],"_links":{"self":[{"href":"https:\/\/archivioturi.lavocedelpaese.info\/index.php\/wp-json\/wp\/v2\/posts\/13745","targetHints":{"allow":["GET"]}}],"collection":[{"href":"https:\/\/archivioturi.lavocedelpaese.info\/index.php\/wp-json\/wp\/v2\/posts"}],"about":[{"href":"https:\/\/archivioturi.lavocedelpaese.info\/index.php\/wp-json\/wp\/v2\/types\/post"}],"author":[{"embeddable":true,"href":"https:\/\/archivioturi.lavocedelpaese.info\/index.php\/wp-json\/wp\/v2\/users\/1"}],"replies":[{"embeddable":true,"href":"https:\/\/archivioturi.lavocedelpaese.info\/index.php\/wp-json\/wp\/v2\/comments?post=13745"}],"version-history":[{"count":0,"href":"https:\/\/archivioturi.lavocedelpaese.info\/index.php\/wp-json\/wp\/v2\/posts\/13745\/revisions"}],"wp:attachment":[{"href":"https:\/\/archivioturi.lavocedelpaese.info\/index.php\/wp-json\/wp\/v2\/media?parent=13745"}],"wp:term":[{"taxonomy":"category","embeddable":true,"href":"https:\/\/archivioturi.lavocedelpaese.info\/index.php\/wp-json\/wp\/v2\/categories?post=13745"},{"taxonomy":"post_tag","embeddable":true,"href":"https:\/\/archivioturi.lavocedelpaese.info\/index.php\/wp-json\/wp\/v2\/tags?post=13745"}],"curies":[{"name":"wp","href":"https:\/\/api.w.org\/{rel}","templated":true}]}}