{"id":13740,"date":"2016-01-11T12:19:36","date_gmt":"2016-01-11T12:19:36","guid":{"rendered":"https:\/\/archivioturi.lavocedelpaese.info\/index.php\/2016\/01\/11\/associazioni-e-commercianti-gli-ingredienti-del-natale-turese\/"},"modified":"2016-01-11T12:19:36","modified_gmt":"2016-01-11T12:19:36","slug":"associazioni-e-commercianti-gli-ingredienti-del-natale-turese","status":"publish","type":"post","link":"https:\/\/archivioturi.lavocedelpaese.info\/index.php\/2016\/01\/11\/associazioni-e-commercianti-gli-ingredienti-del-natale-turese\/","title":{"rendered":"Associazioni e commercianti: gli ingredienti del Natale turese"},"content":{"rendered":"<p><img loading=\"lazy\" decoding=\"async\" src=\"https:\/\/farm8.staticflickr.com\/7739\/17791628726_980b53de53_n.jpg\" width=\"320\" height=\"240\" alt=\"Lavinia Orlando\" \/><\/p>\n<p style=\"text-align: justify;\">Il 9 gennaio si chiude il calendario natalizio turese, che quest\u2019anno ha visto la guida dell\u2019Associazione \u2018In Piazza\u2019 e l\u2019ampia collaborazione di numerose associazioni culturali e turistiche del paese. Diversi gli appuntamenti realizzati, per far godere dell\u2019atmosfera natalizia. Ne parliamo con la Vicesindaco e Assessore alla cultura, Lavinia Orlando.<\/p>\n<p style=\"text-align: justify;\"><strong>Come possiamo riassumere il Natale 2015\/16?<\/strong>&nbsp;<\/p>\n<p style=\"text-align: justify;\">\u201cCi sono stati due tasselli fondamentali che hanno caratterizzato il Natale appena trascorso: tanto impegno da parte delle locali associazioni ed un&#8217;ottima partecipazione dei commercianti, stimolati dalle associazioni e,&nbsp;soprattutto, stimolanti nei confronti dell&#8217;Amministrazione e delle stesse associazioni. Che circa novanta attivit\u00e0 commerciali abbiano deciso di partecipare all&#8217;abbellimento del paese, ponendo tappeti rossi ed alberi all&#8217;ingresso dell&#8217;attivit\u00e0 \u00e8 una novit\u00e0 degna di nota, che non penso si sia mai verificata in precedenza. Che siano stati gli stessi commercianti a richiedere l&#8217;allestimento di luminarie anche su strade storicamente poco interessate alla questione \u00e8 un&#8217;altra circostanza piacevolmente positiva. Lo scorso Natale fui notevolmente sorpresa dai commercianti di via Gramsci, che chiesero all&#8217;amministrazione di collaborare nella realizzazione di un evento che potesse attirare gente in occasione dell&#8217;inizio di gennaio. L&#8217;evento si tenne, con un&#8217;ottima partecipazione di pubblico ed ha avviato un percorso virtuoso, perch\u00e9, in occasione del Natale 2015, oltre alle attivit\u00e0 site su via Gramsci (il cui evento \u201cShopping night\u201d \u00e8 stato rinviato, causa maltempo, al 9 gennaio), c&#8217;\u00e8 stato l&#8217;interessamento delle attivit\u00e0 della Villa comunale e di via XX Settembre che, in collaborazione con l&#8217;associazione In Piazza, hanno realizzato due interessanti appuntamenti nel weekend antecedente il Natale\u201d.<\/p>\n<p style=\"text-align: justify;\"><strong>Diversi gli appuntamenti programmati, a volte poca partecipazione della comunit\u00e0 turese, ma tanto apprezzamento da parte di chi ha vissuto il Natale a Turi. Cosa \u00e8 mancato e in cosa sarebbe stato necessario lavorare di pi\u00f9?<\/strong>&nbsp;<\/p>\n<p style=\"text-align: justify;\">\u201cMi \u00e8 capitato di interloquire, direttamente o per interposta persona, con cittadini che lamentavano il mortorio turese e l&#8217;assenza di eventi natalizi, cos\u00ec sostenendo la necessit\u00e0 di recarsi fuori paese per trovare un po&#8217; di movimento. Alla mia risposta, atta a sottolineare l&#8217;esistenza, anche a Turi, di un calendario di eventi composito, in grado di accontentare adulti e bambini, mi \u00e8 stato risposto che avremmo dovuto provvedere con maggiore pubblicit\u00e0. Tale affermazione mi \u00e8 parsa strana, dato che il paese e le attivit\u00e0 commerciali erano tappezzati di manifesti, cos\u00ec come internet e social network, per non parlare dei giornali. Del resto, non penso che i comuni limitrofi maggiormente blasonati abbiano proposto contenuti cos\u00ec differenti o migliori rispetto ai nostri. Direi che un po&#8217; tutti dovremmo impegnarci a credere maggiormente nel nostro paese ed a beneficiare di tutte le risorse che si mettono a disposizione, senza necessariamente ricercare la bellezza all&#8217;esterno\u201d.<\/p>\n<p style=\"text-align: justify;\"><strong>Quello appena trascorso si \u00e8 rivelato un calendario di appuntamenti che ha visto la partecipazione di numerose associazioni e singoli turesi. Possiamo dire che questo sia stato l&#8217;ingrediente fondamentale della riuscita degli eventi?<\/strong>&nbsp;<\/p>\n<p style=\"text-align: justify;\">\u201cSi, le associazioni hanno lavorato tanto, bene ed in quasi perfetta sinergia tra di loro. Colgo l&#8217;occasione per ringraziare l&#8217;associazione capofila, In Piazza, e tutte le altre realt\u00e0 che hanno contribuito alla realizzazione del cartellone natalizio, compresi i tanti figuranti del Presepe vivente. Solo vivendo dall&#8217;interno l&#8217;organizzazione delle manifestazioni \u00e8 possibile comprendere lo sforzo ed i sacrifici sottesi ad un evento, per quanto breve in termini di durata esso possa essere. Mi riferisco a donne e uomini, ragazze e ragazzi, che hanno impiegato il loro tempo libero e sottratto parte delle festivit\u00e0 alle rispettive famiglie ed amicizie per donare qualcosa al proprio paese: solo per questo, indipendentemente dalla perfettibilit\u00e0 dell&#8217;evento, dovrebbero essere ringraziati\u201d.&nbsp;&nbsp;&nbsp;<\/p>\n<p style=\"text-align: justify;\"><strong>Sicuramente la chicca delle festivit\u00e0 turesi \u00e8 stato il Presepe Vivente al Cimitero del Colerosi. Scelta da rinnovare per i prossimi anni o magari l&#8217;inizio di un percorso di riscoperte di siti locali &#8220;dimenticati&#8221;?<\/strong>&nbsp;<\/p>\n<p style=\"text-align: justify;\">\u201cLa volont\u00e0 dell&#8217;amministrazione \u00e8 quella di riqualificare il Cimitero dei Colerosi. Gi\u00e0 nei primi mesi del 2015 candidammo il sito ad un finanziamento che non \u00e8 per\u00f2 andato a buon fine. In continuit\u00e0, nel momento in cui l&#8217;Associazione Post it&nbsp;ha proposto&nbsp;la realizzazione del Presepe vivente in quella location, non ho avuto alcun dubbio che il luogo fosse idoneo e che la manifestazione sarebbe stata molto suggestiva ed apprezzata. Auspico che, anche grazie allo strumento dell&#8217;amministrazione condivisa, il sito, nei prossimi mesi, continui a vivere\u201d.<\/p>\n<p style=\"text-align: justify;\"><strong>L&#8217;Amministrazione Comunale quest&#8217;anno ha indirizzato 19.000 \u20ac del suo bilancio a sostenere le associazioni nell&#8217;organizzazione e realizzazione degli eventi. Pensa che il vostro impegno sia stato &#8220;ripagato&#8221; dai risultati ottenuti?<\/strong>&nbsp;<\/p>\n<p style=\"text-align: justify;\">\u201cVa chiarito che i 19000 \u20ac non sono stati utilizzati esclusivamente per le manifestazioni, in quanto circa 8000&nbsp;&nbsp;\u20ac del budget complessivo sono serviti per il pagamento di parte delle luci natalizie. Circa i soldi restanti, sono stati suddivisi per la realizzazione degli eventi tra le associazioni partecipanti, secondo un preventivo che \u00e8 agli atti degli uffici, visionabile sul sito Internet del Comune di Turi. Il tutto \u00e8 stato deciso durante le numerose riunioni tra associazioni che si sono succedute dal mese di ottobre ed a ciascuna realt\u00e0 \u00e8 stata fornita la possibilit\u00e0 di contribuire nella costruzione del Natale 2015, senza alcuna esclusione. Avendo partecipato a tutte le manifestazioni ed avendo tastato le impressioni del pubblico, ho recepito valutazioni positive, bambini gioiosi e&nbsp;famiglie contente. Sotto il profilo della qualit\u00e0, non ho dubbi che si sia fatto il massimo possibile e ritengo sia questa la strada che dobbiamo continuare a percorrere: perseverare nella collaborazione tra realt\u00e0 associative e continuare con caparbia a concretizzare le idee che giungono dal basso\u201d.&nbsp;&nbsp;&nbsp;&nbsp;&nbsp;<\/p>\n<p>&nbsp;<\/p>\n","protected":false},"excerpt":{"rendered":"<p><img loading=\"lazy\" decoding=\"async\" src=\"https:\/\/farm8.staticflickr.com\/7739\/17791628726_980b53de53_n.jpg\" width=\"320\" height=\"240\" alt=\"Lavinia Orlando\" \/><\/p>\n","protected":false},"author":1,"featured_media":0,"comment_status":"open","ping_status":"closed","sticky":false,"template":"","format":"standard","meta":{"colormag_page_container_layout":"default_layout","colormag_page_sidebar_layout":"default_layout","footnotes":""},"categories":[7],"tags":[],"class_list":["post-13740","post","type-post","status-publish","format-standard","hentry","category-attualita"],"_links":{"self":[{"href":"https:\/\/archivioturi.lavocedelpaese.info\/index.php\/wp-json\/wp\/v2\/posts\/13740","targetHints":{"allow":["GET"]}}],"collection":[{"href":"https:\/\/archivioturi.lavocedelpaese.info\/index.php\/wp-json\/wp\/v2\/posts"}],"about":[{"href":"https:\/\/archivioturi.lavocedelpaese.info\/index.php\/wp-json\/wp\/v2\/types\/post"}],"author":[{"embeddable":true,"href":"https:\/\/archivioturi.lavocedelpaese.info\/index.php\/wp-json\/wp\/v2\/users\/1"}],"replies":[{"embeddable":true,"href":"https:\/\/archivioturi.lavocedelpaese.info\/index.php\/wp-json\/wp\/v2\/comments?post=13740"}],"version-history":[{"count":0,"href":"https:\/\/archivioturi.lavocedelpaese.info\/index.php\/wp-json\/wp\/v2\/posts\/13740\/revisions"}],"wp:attachment":[{"href":"https:\/\/archivioturi.lavocedelpaese.info\/index.php\/wp-json\/wp\/v2\/media?parent=13740"}],"wp:term":[{"taxonomy":"category","embeddable":true,"href":"https:\/\/archivioturi.lavocedelpaese.info\/index.php\/wp-json\/wp\/v2\/categories?post=13740"},{"taxonomy":"post_tag","embeddable":true,"href":"https:\/\/archivioturi.lavocedelpaese.info\/index.php\/wp-json\/wp\/v2\/tags?post=13740"}],"curies":[{"name":"wp","href":"https:\/\/api.w.org\/{rel}","templated":true}]}}