{"id":13739,"date":"2016-01-13T09:10:18","date_gmt":"2016-01-13T09:10:18","guid":{"rendered":"https:\/\/archivioturi.lavocedelpaese.info\/index.php\/2016\/01\/13\/tundo-deluso-dalla-politica\/"},"modified":"2016-01-13T09:10:18","modified_gmt":"2016-01-13T09:10:18","slug":"tundo-deluso-dalla-politica","status":"publish","type":"post","link":"https:\/\/archivioturi.lavocedelpaese.info\/index.php\/2016\/01\/13\/tundo-deluso-dalla-politica\/","title":{"rendered":"Tundo deluso dalla politica"},"content":{"rendered":"<p><img loading=\"lazy\" decoding=\"async\" src=\"https:\/\/farm2.staticflickr.com\/1551\/24274037585_b581731f01_n.jpg\" width=\"320\" height=\"240\" alt=\"Il consigliere Tundo\" \/><\/p>\n<p style=\"text-align: justify;\"><strong>Forza Italia? \u201cSituazioni equivoche\u201d.<\/strong> \u201cDopo la tornata elettorale delle regionali mi ha fatto piacere sapere che Boccardi fosse rientrato in Forza Italia\u201d \u2013 confida alle nostre colonne il coordinatore cittadino Paolo Tundo. \u201cQuando c\u2019\u00e8 un partito che si spacca per problemi nazionali \u2013 spiega \u2013 ognuno fa delle scelte che io rispetto\u201d. Ma a questo punto il tono del nostro interlocutore cambia, assumendo una leggera sfumatura di amarezza e delusione. Proseguendo a parlare del senatore Boccardi, ci racconta di aver \u201cprovato varie volte a comunicare con lui per telefono o tramite messaggi\u201d, tentando di avere un incontro e discutere di come lavorare in sinergia per una crescita di tutto il coordinamento locale di Forza Italia. \u201cAd oggi tra me e lui non c\u2019\u00e8 stato alcun incontro di questo tipo\u201d. Ci racconta poi di essere stato chiamato dalla consigliera Volpicella ed essere stato invitato dalla stessa a Villa Menelao prima di Natale per scambiarsi gli auguri. \u201cDi regola non dovevo andarci, ma ho abbassato la testa e ci sono andato a malincuore perch\u00e9 non mi piacciono questi tipi di comportamento\u201d. Secondo Tundo, sarebbe stato pi\u00f9 opportuno che fosse stato il senatore Boccardi ad invitarlo, visti i ripetuti tentativi che il consigliere ha fatto per mettersi in contatto con lui. \u201cIo ci sono andato e sono stato cortese, dimostrandomi superiore ai comportamenti degli altri\u201d. Per quanto riguarda la realt\u00e0 di Forza Italia a Turi, il coordinatore parla di \u201csituazioni equivoche\u201d, citando come esempio la posizione da indipendente di Mariangela Volpicella. Quindi confida che \u201cqueste situazione di criticit\u00e0 vengano superate per garantire un futuro migliore a Forza Italia, soprattutto dopo le disastrose vicende di disgregazione viste alle regionali. Disgregazione che abbiamo osservato anche durante le comunali a Turi se consideriamo le azioni di alcuni \u2018personaggi\u2019\u201d. Ed \u00e8 a questo punto che pone sotto i riflettori la sua coerenza: \u201cNonostante le frammentazioni, ho dimostrato la mia coerenza di politico che non si vende ad altre bandiere\u201d. E conclude: \u201cCon Boccardi non c\u2019\u00e8 alcun litigio. Come coordinatore rester\u00f2 in attesa e sar\u00f2 sempre aperto. Mi far\u00e0 molto piacere se mi chiamer\u00e0 per definire la linea di partito a livello locale, come intendiamo lavorare e farlo crescere\u201d.<\/p>\n<p style=\"text-align: justify;\"><strong>Per l\u2019Amministrazione un voto negativo<\/strong>. Per l\u2019anno appena conclusosi, il voto che Tundo d\u00e0 all\u2019attuale amministrazione \u00e8 negativo. Ci parla di \u201cbravi ragazzi\u201d, che per\u00f2 mancano di decisioni e scelte sulle questioni importanti e di azioni di rilievo in ambito programmatico e amministrativo. \u201cLa politica non \u00e8 solo stare al Comune, ma guardare anche oltre, intercettare finanziamenti ed altro. Bisogna stare attenti a come poter cercare di migliorare le situazioni\u201d. Quello che Tundo sottolinea, \u00e8 anche la mancanza di novit\u00e0: tutto quello fatto fino ad ora, sarebbe residuo del passato, frutto di decisioni prese dalle precedenti Amministrazioni. \u201cFra poco saremo al terzo bilancio e non hanno fatto niente, nessuna traccia di progetti da sviluppare negli anni successivi. Non c\u2019\u00e8 niente al di fuori del vecchio. \u00c8 un\u2019amministrazione insufficiente\u201d. Si augura che dal 2016 cerchino di \u201crigare dritto\u201d anche su questioni importanti, tra cui la viabilit\u00e0. Il consigliere di opposizione torna anche sulla sulle \u201cbeghe\u201d interne alla coalizione di governo: \u201cFin dall\u2019inizio ho constatato che c\u2019erano grandi fibrillazioni politiche tra di loro, che tuttora esistono. Il Sindaco in Consiglio doveva dare chiarezza ai consiglieri di opposizione e ai cittadini, che notano queste situazioni. \u00c8 una maggioranza che butta per strada battibecchi e forti botti di cui dovrebbero dare conto. Dicono che hanno raggiunto un\u2019intesa e che a settembre faranno il rimpasto di giunta. Io non ci credo perch\u00e9 ho notato una certa rigidit\u00e0 degli assessori che non si vogliono dimettersi\u201d. Tundo non dimentica nemmeno di tirare in ballo Gravinese, segretario locale del Pd, \u201cche cerca di tirare a vantaggio del proprio partito e a svantaggio degli altri. \u00c8 normale che ci sia una lotta interna su questa circostanza\u201d. Tutto questo, a suo dire, sarebbe grave in quanto potrebbe essere la causa dell\u2019\u201cinettitudine\u201d e della \u201cmancanza di programmazione\u201d di questa amministrazione.<\/p>\n<p style=\"text-align: justify;\"><strong>La delusione politica<\/strong>. Infine gli chiediamo se \u00e8 stanco della politica. \u201cSe \u00e8 litigiosit\u00e0 e non \u00e8 propositiva, non rientra nella mia cultura. Se si continuer\u00e0 cos\u00ec, sia a livello nazionale che locale, non credo che continuer\u00f2. Io che ho sempre messo il mio interesse da parte, guardando alle sofferenze dei cittadini, sono profondamente deluso da questo modo di fare politica\u201d.<\/p>\n","protected":false},"excerpt":{"rendered":"<p><img loading=\"lazy\" decoding=\"async\" src=\"https:\/\/farm2.staticflickr.com\/1551\/24274037585_b581731f01_n.jpg\" width=\"320\" height=\"240\" alt=\"Il consigliere Tundo\" \/><\/p>\n","protected":false},"author":1,"featured_media":0,"comment_status":"open","ping_status":"closed","sticky":false,"template":"","format":"standard","meta":{"colormag_page_container_layout":"default_layout","colormag_page_sidebar_layout":"default_layout","footnotes":""},"categories":[4],"tags":[],"class_list":["post-13739","post","type-post","status-publish","format-standard","hentry","category-politica"],"_links":{"self":[{"href":"https:\/\/archivioturi.lavocedelpaese.info\/index.php\/wp-json\/wp\/v2\/posts\/13739","targetHints":{"allow":["GET"]}}],"collection":[{"href":"https:\/\/archivioturi.lavocedelpaese.info\/index.php\/wp-json\/wp\/v2\/posts"}],"about":[{"href":"https:\/\/archivioturi.lavocedelpaese.info\/index.php\/wp-json\/wp\/v2\/types\/post"}],"author":[{"embeddable":true,"href":"https:\/\/archivioturi.lavocedelpaese.info\/index.php\/wp-json\/wp\/v2\/users\/1"}],"replies":[{"embeddable":true,"href":"https:\/\/archivioturi.lavocedelpaese.info\/index.php\/wp-json\/wp\/v2\/comments?post=13739"}],"version-history":[{"count":0,"href":"https:\/\/archivioturi.lavocedelpaese.info\/index.php\/wp-json\/wp\/v2\/posts\/13739\/revisions"}],"wp:attachment":[{"href":"https:\/\/archivioturi.lavocedelpaese.info\/index.php\/wp-json\/wp\/v2\/media?parent=13739"}],"wp:term":[{"taxonomy":"category","embeddable":true,"href":"https:\/\/archivioturi.lavocedelpaese.info\/index.php\/wp-json\/wp\/v2\/categories?post=13739"},{"taxonomy":"post_tag","embeddable":true,"href":"https:\/\/archivioturi.lavocedelpaese.info\/index.php\/wp-json\/wp\/v2\/tags?post=13739"}],"curies":[{"name":"wp","href":"https:\/\/api.w.org\/{rel}","templated":true}]}}