{"id":13736,"date":"2016-01-12T17:58:53","date_gmt":"2016-01-12T17:58:53","guid":{"rendered":"https:\/\/archivioturi.lavocedelpaese.info\/index.php\/2016\/01\/12\/arriva-il-nuovo-revisore-unico-dei-conti\/"},"modified":"2016-01-12T17:58:53","modified_gmt":"2016-01-12T17:58:53","slug":"arriva-il-nuovo-revisore-unico-dei-conti","status":"publish","type":"post","link":"https:\/\/archivioturi.lavocedelpaese.info\/index.php\/2016\/01\/12\/arriva-il-nuovo-revisore-unico-dei-conti\/","title":{"rendered":"Arriva il nuovo revisore unico dei conti"},"content":{"rendered":"<p><img loading=\"lazy\" decoding=\"async\" src=\"https:\/\/farm2.staticflickr.com\/1481\/23906044869_356333f4db_m.jpg\" alt=\"La dott.ssa Liotino\" width=\"135\" height=\"240\" \/><\/p>\n<p style=\"text-align: justify;\">Primo punto all\u2019ordine del giorno del Consiglio comunale dello scorso 28 dicembre \u00e8 stato la nomina dell\u2019Organo Unico di Revisione economico-finanziaria del Comune di Turi per il triennio 2016\/2018. A tale scopo, \u00e8 stato preso atto del sorteggio effettuato dalla Prefettura di Bari il 15 settembre 2015, da cui \u00e8 risultato estratto il dott. Luigi Roccotelli di Minervino Murge. Tale nomina decorre dal 1\u00b0 gennaio e avr\u00e0 durata di tre anni, mentre l\u2019incarico dell\u2019ex revisore, la dott.ssa Maria Donata Liotino, si \u00e8 concluso lo scorso 31 dicembre. Il compenso annuo lordo dovuto al revisore unico dei conti \u00e8 pari a 6.737,33, comprensivi di contributo previdenziale al 4% e Iva al 22%. Allo stesso revisore, che ha la propria residenza fuori dal Comune di Turi, spetter\u00e0 il rimborso delle spese autostradali e parcheggio, nonch\u00e9 un\u2019indennit\u00e0 chilometrica pari a 1\/5 del costo di un litro di benzina verde per ogni Km. Il tragitto sar\u00e0 calcolato secondo il percorso pi\u00f9 breve dal centro del Comune di Turi a quello di residenza del Revisore. La spesa complessiva annua presuntiva collegata ai rimborsi delle spese \u00e8 stimata in 1.700,00 euro.<\/p>\n<p style=\"text-align: justify;\"><strong>La figura del revisore dei conti.<\/strong> Il revisore dei conti \u00e8 una figura professionale legata al settore economico e contabile. Il suo profilo giuridico \u00e8 regolato dalla normativa vigente, il D. Lgs n. 39 del 27 gennaio 2010, che ne definisce i compiti e le modalit\u00e0 di accesso all&#8217;esercizio della professione. Per tale profilo, attualmente denominato come &#8220;Revisore legale&#8221;, s&#8217;intende colui che assume l&#8217;incarico di controllare il bilancio di un&#8217;azienda, di una societ\u00e0 o di un ente pubblico e privato. \u00c8 dunque un professionista esperto di materie varie, come contabilit\u00e0, economia e legislazione afferente. Gli sono richieste, inoltre, alcune prerogative di carattere deontologico e morale. Per poter svolgere la revisione negli enti locali occorre essere iscritti in un elenco istituito presso il Ministero dell\u2019Interno &#8211; Dipartimento per gli Affari interni e territoriali. L\u2019elenco \u00e8 ripartito a livello regionale in relazione alla residenza anagrafica del richiedente. La nomina avviene con un estrazione a sorte tramite sistema informatico. Per ciascun componente sono estratti tre nominativi il primo dei quali \u00e8 designato per la nomina mentre gli altri subentrano nell\u2019ordine di estrazione, nel caso di rinuncia o impedimento.<\/p>\n","protected":false},"excerpt":{"rendered":"<p><img loading=\"lazy\" decoding=\"async\" src=\"https:\/\/farm2.staticflickr.com\/1481\/23906044869_356333f4db_m.jpg\" alt=\"La dott.ssa Liotino\" width=\"135\" height=\"240\" \/><\/p>\n","protected":false},"author":1,"featured_media":0,"comment_status":"open","ping_status":"closed","sticky":false,"template":"","format":"standard","meta":{"colormag_page_container_layout":"default_layout","colormag_page_sidebar_layout":"default_layout","footnotes":""},"categories":[4],"tags":[],"class_list":["post-13736","post","type-post","status-publish","format-standard","hentry","category-politica"],"_links":{"self":[{"href":"https:\/\/archivioturi.lavocedelpaese.info\/index.php\/wp-json\/wp\/v2\/posts\/13736","targetHints":{"allow":["GET"]}}],"collection":[{"href":"https:\/\/archivioturi.lavocedelpaese.info\/index.php\/wp-json\/wp\/v2\/posts"}],"about":[{"href":"https:\/\/archivioturi.lavocedelpaese.info\/index.php\/wp-json\/wp\/v2\/types\/post"}],"author":[{"embeddable":true,"href":"https:\/\/archivioturi.lavocedelpaese.info\/index.php\/wp-json\/wp\/v2\/users\/1"}],"replies":[{"embeddable":true,"href":"https:\/\/archivioturi.lavocedelpaese.info\/index.php\/wp-json\/wp\/v2\/comments?post=13736"}],"version-history":[{"count":0,"href":"https:\/\/archivioturi.lavocedelpaese.info\/index.php\/wp-json\/wp\/v2\/posts\/13736\/revisions"}],"wp:attachment":[{"href":"https:\/\/archivioturi.lavocedelpaese.info\/index.php\/wp-json\/wp\/v2\/media?parent=13736"}],"wp:term":[{"taxonomy":"category","embeddable":true,"href":"https:\/\/archivioturi.lavocedelpaese.info\/index.php\/wp-json\/wp\/v2\/categories?post=13736"},{"taxonomy":"post_tag","embeddable":true,"href":"https:\/\/archivioturi.lavocedelpaese.info\/index.php\/wp-json\/wp\/v2\/tags?post=13736"}],"curies":[{"name":"wp","href":"https:\/\/api.w.org\/{rel}","templated":true}]}}