{"id":13712,"date":"2015-12-22T11:30:30","date_gmt":"2015-12-22T11:30:30","guid":{"rendered":"https:\/\/archivioturi.lavocedelpaese.info\/index.php\/2015\/12\/22\/evento-di-chiusura-p-lab\/"},"modified":"2015-12-22T11:30:30","modified_gmt":"2015-12-22T11:30:30","slug":"evento-di-chiusura-p-lab","status":"publish","type":"post","link":"https:\/\/archivioturi.lavocedelpaese.info\/index.php\/2015\/12\/22\/evento-di-chiusura-p-lab\/","title":{"rendered":"Evento di chiusura p-lab"},"content":{"rendered":"<p><img loading=\"lazy\" decoding=\"async\" src=\"https:\/\/farm1.staticflickr.com\/610\/23223079184_35b08e45fe_n.jpg\" alt=\"20151211_173122\" height=\"240\" width=\"320\" \/><\/p>\n<p style=\"text-align: justify;\">Venerd\u00ec 11 dicembre si \u00e8 svolto l\u2019evento di chiusura del progetto P-Lab nella biblioteca comunale di Turi.<br \/>Il&nbsp;Progetto P-Lab, Peucetia-Lab, Rete dei laboratori urbani peuceti, \u00e8 stato&nbsp;promosso dai&nbsp;Comuni di Turi, Casamassima e Sammichele di Bari&nbsp;nell\u2019ambito del&nbsp;Programma PIST \u201cLame di Peucetia\u201d.<br \/>Ha coinvolto le comunit\u00e0 di Turi, Casamassima e Sammichele di Bari in un percorso di animazione territoriale finalizzato alla progettazione partecipata di azioni per la rigenerazione dei centri storici delle tre Citt\u00e0 e per la valorizzazione delle componenti ambientali e rurali.<br \/>Con molta gioia i protagonisti del progetto si sono dichiarati contenti dei centri \u201cSportello Europa\u201d installati nei tre comuni, dato che grazie a questi centri hanno centrato vari obiettivi, tra cui l\u2019attivazione dei tirocini con Garanzia Giovani con alcuni ragazzi.<br \/>Sono stati presentati gli aspetti positivi e negativi che il progetto ha affrontato, di cui quelli negativi sono rappresentati dalla scarsa disponibilit\u00e0 a muoversi in alcuni casi, dalla intensit\u00e0 del percorso intrapreso, dalla difficolt\u00e0 del coinvolgimenti della pubblica amministrazione per Casamassima e l\u2019inadeguatezza delle sedi.<br \/>Di positivo invece ci sono altri aspetti, alcuni anche inaspettati, tra cui: la ricchezza di contenuti analizzati e appresi, la scoperta di un territorio per la maggior parte sconosciuto all\u2019inizio del progetto, la mappatura dei beni comuni realizzata con le 3 passeggiate nei comuni, il bel gruppo che si \u00e8 creato grazie alla scuola di comunit\u00e0, e i \u201csemi\u201d che grazie a questa iniziativa si sono impiantati nella mente dei cittadini.<br \/>Durante l\u2019evento c\u2019\u00e8 stata la consegna degli attestati per chi ha frequentato la scuola di comunit\u00e0 e la premiazione per il vincitore del concorso \u201cDacci un nome\u201d.<br \/>Con l\u2019augurio che da questi semi nascano prima o poi delle belle idee e iniziative, salutiamo calorosamente i membri del P-Lab, e li ringraziamo per quello che hanno fatto e tentato di fare per il nostro territorio.<\/p>\n","protected":false},"excerpt":{"rendered":"<p><img loading=\"lazy\" decoding=\"async\" src=\"https:\/\/farm1.staticflickr.com\/610\/23223079184_35b08e45fe_n.jpg\" alt=\"20151211_173122\" height=\"240\" width=\"320\" \/><\/p>\n","protected":false},"author":1,"featured_media":0,"comment_status":"open","ping_status":"closed","sticky":false,"template":"","format":"standard","meta":{"colormag_page_container_layout":"default_layout","colormag_page_sidebar_layout":"default_layout","footnotes":""},"categories":[7],"tags":[],"class_list":["post-13712","post","type-post","status-publish","format-standard","hentry","category-attualita"],"_links":{"self":[{"href":"https:\/\/archivioturi.lavocedelpaese.info\/index.php\/wp-json\/wp\/v2\/posts\/13712","targetHints":{"allow":["GET"]}}],"collection":[{"href":"https:\/\/archivioturi.lavocedelpaese.info\/index.php\/wp-json\/wp\/v2\/posts"}],"about":[{"href":"https:\/\/archivioturi.lavocedelpaese.info\/index.php\/wp-json\/wp\/v2\/types\/post"}],"author":[{"embeddable":true,"href":"https:\/\/archivioturi.lavocedelpaese.info\/index.php\/wp-json\/wp\/v2\/users\/1"}],"replies":[{"embeddable":true,"href":"https:\/\/archivioturi.lavocedelpaese.info\/index.php\/wp-json\/wp\/v2\/comments?post=13712"}],"version-history":[{"count":0,"href":"https:\/\/archivioturi.lavocedelpaese.info\/index.php\/wp-json\/wp\/v2\/posts\/13712\/revisions"}],"wp:attachment":[{"href":"https:\/\/archivioturi.lavocedelpaese.info\/index.php\/wp-json\/wp\/v2\/media?parent=13712"}],"wp:term":[{"taxonomy":"category","embeddable":true,"href":"https:\/\/archivioturi.lavocedelpaese.info\/index.php\/wp-json\/wp\/v2\/categories?post=13712"},{"taxonomy":"post_tag","embeddable":true,"href":"https:\/\/archivioturi.lavocedelpaese.info\/index.php\/wp-json\/wp\/v2\/tags?post=13712"}],"curies":[{"name":"wp","href":"https:\/\/api.w.org\/{rel}","templated":true}]}}