{"id":13706,"date":"2015-12-21T17:20:51","date_gmt":"2015-12-21T17:20:51","guid":{"rendered":"https:\/\/archivioturi.lavocedelpaese.info\/index.php\/2015\/12\/21\/nel-castello-di-iris-forest\/"},"modified":"2015-12-21T17:20:51","modified_gmt":"2015-12-21T17:20:51","slug":"nel-castello-di-iris-forest","status":"publish","type":"post","link":"https:\/\/archivioturi.lavocedelpaese.info\/index.php\/2015\/12\/21\/nel-castello-di-iris-forest\/","title":{"rendered":"Nel castello di Iris Forest"},"content":{"rendered":"<p><img loading=\"lazy\" decoding=\"async\" src=\"https:\/\/farm6.staticflickr.com\/5653\/23741800802_3ce38d27a0_n.jpg\" alt=\"DSC04212\" height=\"240\" width=\"320\" \/><\/p>\n<p style=\"text-align: justify;\">Un&#8217;immersione nel mondo fantastico di Cristina Bossi, un tuffo tra incanto e immaginazione. \u00c8 questo il regalo della scrittrice esordiente incontrata nella serata di sabato 12 dicembre, presso il Centro Studi di Storia e Cultura di Turi.<br \/>Ad accompagnare il pubblico presente, la giornalista e cantautrice Monica Notarnicola, che sfogliando le pagine di &#8220;Iris e il Castello Incantato&#8221; &#8211; &#8220;Le Chateau edizioni&#8221;- ha guidato tutti nel racconto fantastico della giovane autrice.<br \/>&#8220;Iris e il castello incantato&#8221; \u00e8 un libro che pu\u00f2 portare valore aggiunto alla letteratura per ragazzi&#8221; \u2013 apre la serata Monica Notarnicola, ringraziando per l&#8217;ospitalit\u00e0 il Centro Studi e il professor Domenico Resta.<br \/>Non lesina parole e approfondimenti, la presentatrice della serata che, con uno sguardo al testo ed uno alla scrittrice, racconta, senza troppi particolari, lo sviluppo della vicenda. Una storia che nasce dall&#8217;interesse, della stessa Bossi, per i racconti di fantascienza: &#8220;Sono appassionata di Harry Potter e del genere Fantasy&#8221;, stimolando cos\u00ec l&#8217;immaginazione dei presenti ed invitandoli a scoprire meglio i lati &#8220;oscuri&#8221; della vicenda.<br \/>&#8220;Iris e il castello incantato&#8221; \u00e8 un libro che ho dedicato a mia figlia&#8221; \u2013 prosegue la Bossi, visibilmente emozionata. &#8220;\u00c8 per lei che l&#8217;ho scritto, ma \u00e8 rimasto nel mio cassetto per ben tre anni!&#8221;. E se la figlia \u00e8 il suo punto di riferimento, la famiglia e gli affetti rientrano nelle pagine del testo dove, come la stessa <img loading=\"lazy\" decoding=\"async\" style=\"float: right;\" src=\"https:\/\/farm6.staticflickr.com\/5728\/23222016574_59fd9789f9_n.jpg\" alt=\"Il pubblico della serata\" height=\"240\" width=\"320\" \/>Notarnicola ha richiamato, si intravede una figura molto amata: &#8220;Tra i personaggi \u2013 ammette la Bossi \u2013 si riconosce mia nonna, una donna a cui sono molto legata e che faccio rivivere in AnnaBell&#8221;.<br \/>Letture appassionate si sono mescolate al commento del libro esordio della scrittrice che ammette: &#8220;Vorrei scrivere ancora, ma questa volta non di fantasy&#8221;, lasciando nel lettore una sorta di testamento della sua passione per il genere e per il disegno, che accompagna, miuziosamente, la scrittura del testo.<br \/>L&#8217;evento \u00e8 stato organizzato dall&#8217;associazione culturale olistica Jyoti Raggi di Luce e l&#8217;associazione culturale Turisti in Tour, in collaborazione con il Centro Studi di Storia e Cultura di Turi &#8216;Matteo Pugliese&#8217;, e patrocinato dal Comunue di Turi.<br \/><strong>Recensione<\/strong> &#8211; &#8220;E se un giorno scoprissi che la tua vita, in realt\u00e0, non \u00e8 la tua? <br \/>Iris Forest, undici anni, capelli biondi come l\u2019oro e occhi verdi smeraldo, non avrebbe mai creduto che tutta la sua vita sarebbe mstata sconvolta da un meraviglioso castello delle bambole che il signor Leonida aveva messo, bene in vista, nella festosa vetrina del suo negozio di giocattoli. Il desiderio di Iris di possedere quella miniatura perfetta era a dir poco esorbitante, ma non poteva sapere che nel castello si celava un terribile segreto. La piccola sarebbe stata disposta a conoscere la verit\u00e0? Chi la stava cercando? &#8220;Iris e il castello incantato&#8221; \u00e8 una favola esuberante, sfavillante, energica e naturalmente: magica. Un libro pieno di disegni, ritratti, caratteri scoppiettanti e personaggi fuori dal comune. La parte pi\u00f9 bella del libro sono i disegni simpaticissimi che ci accompagnano per tutto il tragitto e allietano la favolosa lettura. Il libro si apre con il pigro gatto Xabat che cerca di addormentasi tra le centinai di orologi che incuranti ticchettano, scandendo a modo loro il tempo.<br \/>La fortunata padrona di Xabat \u00e8 Gabra Strix., una strega che da 500 anni \u00e8 alla ricerca di una pozione che la rendesse pi\u00f9 bella ed ora, ormai sconfortata, di una pozione che la rendesse, almeno, pi\u00f9 giovane&#8221;.<\/p>\n","protected":false},"excerpt":{"rendered":"<p><img loading=\"lazy\" decoding=\"async\" src=\"https:\/\/farm6.staticflickr.com\/5653\/23741800802_3ce38d27a0_n.jpg\" alt=\"DSC04212\" height=\"240\" width=\"320\" \/><\/p>\n","protected":false},"author":1,"featured_media":0,"comment_status":"open","ping_status":"closed","sticky":false,"template":"","format":"standard","meta":{"colormag_page_container_layout":"default_layout","colormag_page_sidebar_layout":"default_layout","footnotes":""},"categories":[6],"tags":[],"class_list":["post-13706","post","type-post","status-publish","format-standard","hentry","category-cultura"],"_links":{"self":[{"href":"https:\/\/archivioturi.lavocedelpaese.info\/index.php\/wp-json\/wp\/v2\/posts\/13706","targetHints":{"allow":["GET"]}}],"collection":[{"href":"https:\/\/archivioturi.lavocedelpaese.info\/index.php\/wp-json\/wp\/v2\/posts"}],"about":[{"href":"https:\/\/archivioturi.lavocedelpaese.info\/index.php\/wp-json\/wp\/v2\/types\/post"}],"author":[{"embeddable":true,"href":"https:\/\/archivioturi.lavocedelpaese.info\/index.php\/wp-json\/wp\/v2\/users\/1"}],"replies":[{"embeddable":true,"href":"https:\/\/archivioturi.lavocedelpaese.info\/index.php\/wp-json\/wp\/v2\/comments?post=13706"}],"version-history":[{"count":0,"href":"https:\/\/archivioturi.lavocedelpaese.info\/index.php\/wp-json\/wp\/v2\/posts\/13706\/revisions"}],"wp:attachment":[{"href":"https:\/\/archivioturi.lavocedelpaese.info\/index.php\/wp-json\/wp\/v2\/media?parent=13706"}],"wp:term":[{"taxonomy":"category","embeddable":true,"href":"https:\/\/archivioturi.lavocedelpaese.info\/index.php\/wp-json\/wp\/v2\/categories?post=13706"},{"taxonomy":"post_tag","embeddable":true,"href":"https:\/\/archivioturi.lavocedelpaese.info\/index.php\/wp-json\/wp\/v2\/tags?post=13706"}],"curies":[{"name":"wp","href":"https:\/\/api.w.org\/{rel}","templated":true}]}}