{"id":13701,"date":"2015-12-22T05:46:43","date_gmt":"2015-12-22T05:46:43","guid":{"rendered":"https:\/\/archivioturi.lavocedelpaese.info\/index.php\/2015\/12\/22\/volontariamente-concreti-la-capacita-di-donare-un-sorriso-2\/"},"modified":"2015-12-22T05:46:43","modified_gmt":"2015-12-22T05:46:43","slug":"volontariamente-concreti-la-capacita-di-donare-un-sorriso-2","status":"publish","type":"post","link":"https:\/\/archivioturi.lavocedelpaese.info\/index.php\/2015\/12\/22\/volontariamente-concreti-la-capacita-di-donare-un-sorriso-2\/","title":{"rendered":"Volontariamente concreti, la capacita\u2019 di donare un sorriso"},"content":{"rendered":"<p><img loading=\"lazy\" decoding=\"async\" src=\"https:\/\/farm6.staticflickr.com\/5743\/23221827223_580a8a88ea_m.jpg\" alt=\"20151214_191641\" height=\"240\" width=\"135\" \/><\/p>\n<p align=\"justify\">Lo scorso luned\u00ec 14 dicembre alle ore 19, presso la Chiesa Madre, si \u00e8 tenuta la presentazione del libro \u201cVolontariamente Il Mio Viaggio\u201d scritto dal Dott. Gaetano Logrieco (Direttore delle strutture complesse di chirurgia dell\u2019ospedale Ente Ecclesiastico \u2018Miulli\u2019 di Acquaviva delle Fonti), edito da Vito Radio. All\u2019autore \u00e8 stato inoltre conferito, proprio gioved\u00ec scorso dall\u2019Accademia Italia in Arte nel Mondo, il Premio Speciale Diritti Umani 2015 presso il monumentale Teatro \u2018G. Paisiello\u2019 di Lecce. La moglie del Dottore, la Dott.ssa Mariarosa Giangrande, lo ha affiancato nella relazione. Abbiamo avuto il piacere di porre all\u2019autore alcune domande.<\/p>\n<p align=\"justify\"><b>Dott. Logrieco, qual \u00e8 l\u2019obiettivo della serata?<\/b><\/p>\n<p align=\"justify\">Questa serata, per la quale ringrazio la Chiesa Madre dell\u2019ospitalit\u00e0 ricevuta, \u00e8 dedicata all\u2019idea di poter presentare qual \u00e8 il percorso del volontariato e ci\u00f2 che un volontario pu\u00f2 fare sia nella nostra realt\u00e0 quotidiana, sia nei Paesi in via di sviluppo.<\/p>\n<p align=\"justify\"><b>Da quale esperienza nasce il libro?<\/b><\/p>\n<p align=\"justify\">Il libro \u00e8 dedicato a un viaggio, per alcuni versi ideale, dato che rappresenta una sorta di percorso che inizia dalla prima istanza, ovvero dall\u2019esigenza di dedicarsi al proprio mestiere reinterpretandolo per sottrarlo al filtro della routine. Se portassimo all\u2019estremo questa esperienza, in una realt\u00e0 contraddistinta da una diversit\u00e0 estrema, probabilmente noi medici rispolvereremmo, quella che \u00e8 l\u2019 \u201darte antica\u201d della medicina, oltre alle modalit\u00e0 diverse da quelle quotidiane, che pongono attenzione soprattutto sui valori etici e morali.<\/p>\n<p align=\"justify\"><b>A proposito di ci\u00f2, cosa crede potrebbe insegnare il libro a livello di valori etici e umani, nel senso pi\u00f9 ampio del termine?<\/b><\/p>\n<p align=\"justify\">Il libro \u00e8 una sorta di d\u00e9j\u00e0-vu, atto a rivivere quella che di fatto \u00e8 stata una nuova formazione anche per me. Come dico nel libro il primo passo \u00e8 quello di azzerarsi, ovvero di tornare alle origini, non soltanto della popolazione sicuramente pi\u00f9 semplice rispetto alla nostra, ma anche dell\u2019interpretazione della medicina che attualmente sembra compromessa dall\u2019estremizzazione della tecnologia e sembrerebbe far scomparire quello che era l\u2019antico rapporto medico-paziente fatto di parole, sguardi, contatto umano.<\/p>\n<p align=\"justify\"><b>Quali differenze nota fra la nostra e la loro mentalit\u00e0?<\/b><\/p>\n<p align=\"justify\">Non si deve pensare che le realt\u00e0 di bisogno siano realt\u00e0 che non risentono di una forte carica di dignit\u00e0. Basti prendere come esempio lo \u201cstare a terra\u201d, uso comune in molte popolazioni in cui questo non \u00e8 espressione di sporcizia, ma di un contatto continuo e reiterato con la natura, dato che danno alla terra un valore ben diverso da quello che le attribuiamo noi.<\/p>\n<p align=\"justify\"><b>Qual \u00e8 il tipo di aiuto da poter fornire?<\/b><\/p>\n<p align=\"justify\">La vera mentalit\u00e0 da cambiare \u00e8 quella della classe media di questi Paesi. Il libro \u00e8 ambientato nella Repubblica del Benin, ma io lavoro anche in Palestina dove i problemi sono di diversa natura ma comunque ugualmente importanti; di conseguenza cambia il tipo di aiuto da portare. In Africa ad esempio bisogna fare leva sulle classi di medici che invece di tentare di migliorare la situazione delle fasce pi\u00f9 basse mira a mantenere la situazione immobile per conservare la propria condizione di vantaggio.<\/p>\n<p align=\"justify\"><b>Perch\u00e9 un medico dovrebbe affrontare l\u2019esperienza del volontariato?<\/b><\/p>\n<p align=\"justify\">Per prima cosa per comprendere cosa significa davvero il bisogno. Un rapporto con il bisogno aiuta molto perch\u00e9, anche quando si \u00e8 tornati dall\u2019Africa se ne pu\u00f2 fare tesoro, slanciandosi verso una crescita interiore che pu\u00f2 essere poi esportata nella vita di ogni giorno, perch\u00e9 il bisognoso pu\u00f2 essere anche quello della porta accanto, non necessariamente di qualcosa di materialmente significativo, ma anche di un semplice sorriso. Partendo dal miglioramento di se stessi, per arrivare al miglioramento degli altri.<\/p>\n<p align=\"justify\">L\u2019evento, che ha riscosso una discreta partecipazione, \u00e8 stato promosso ed organizzato dal Cav. Stefano De Carolis, con il patrocinio gratuito del Comune di Turi e della testata giornalistica \u201cCorriere Nazionale\u201d.<\/p>\n","protected":false},"excerpt":{"rendered":"<p><img loading=\"lazy\" decoding=\"async\" src=\"https:\/\/farm6.staticflickr.com\/5743\/23221827223_580a8a88ea_m.jpg\" alt=\"20151214_191641\" height=\"240\" width=\"135\" \/><\/p>\n","protected":false},"author":1,"featured_media":0,"comment_status":"open","ping_status":"closed","sticky":false,"template":"","format":"standard","meta":{"colormag_page_container_layout":"default_layout","colormag_page_sidebar_layout":"default_layout","footnotes":""},"categories":[6],"tags":[],"class_list":["post-13701","post","type-post","status-publish","format-standard","hentry","category-cultura"],"_links":{"self":[{"href":"https:\/\/archivioturi.lavocedelpaese.info\/index.php\/wp-json\/wp\/v2\/posts\/13701","targetHints":{"allow":["GET"]}}],"collection":[{"href":"https:\/\/archivioturi.lavocedelpaese.info\/index.php\/wp-json\/wp\/v2\/posts"}],"about":[{"href":"https:\/\/archivioturi.lavocedelpaese.info\/index.php\/wp-json\/wp\/v2\/types\/post"}],"author":[{"embeddable":true,"href":"https:\/\/archivioturi.lavocedelpaese.info\/index.php\/wp-json\/wp\/v2\/users\/1"}],"replies":[{"embeddable":true,"href":"https:\/\/archivioturi.lavocedelpaese.info\/index.php\/wp-json\/wp\/v2\/comments?post=13701"}],"version-history":[{"count":0,"href":"https:\/\/archivioturi.lavocedelpaese.info\/index.php\/wp-json\/wp\/v2\/posts\/13701\/revisions"}],"wp:attachment":[{"href":"https:\/\/archivioturi.lavocedelpaese.info\/index.php\/wp-json\/wp\/v2\/media?parent=13701"}],"wp:term":[{"taxonomy":"category","embeddable":true,"href":"https:\/\/archivioturi.lavocedelpaese.info\/index.php\/wp-json\/wp\/v2\/categories?post=13701"},{"taxonomy":"post_tag","embeddable":true,"href":"https:\/\/archivioturi.lavocedelpaese.info\/index.php\/wp-json\/wp\/v2\/tags?post=13701"}],"curies":[{"name":"wp","href":"https:\/\/api.w.org\/{rel}","templated":true}]}}