{"id":13700,"date":"2015-12-21T16:44:41","date_gmt":"2015-12-21T16:44:41","guid":{"rendered":"https:\/\/archivioturi.lavocedelpaese.info\/index.php\/2015\/12\/21\/in-musica-nellattesa-con-gioia\/"},"modified":"2015-12-21T16:44:41","modified_gmt":"2015-12-21T16:44:41","slug":"in-musica-nellattesa-con-gioia","status":"publish","type":"post","link":"https:\/\/archivioturi.lavocedelpaese.info\/index.php\/2015\/12\/21\/in-musica-nellattesa-con-gioia\/","title":{"rendered":"\u201dIn Musica .. nell\u2019attesa con Gioia\u201d"},"content":{"rendered":"<p><img loading=\"lazy\" decoding=\"async\" src=\"https:\/\/farm1.staticflickr.com\/613\/23848600485_4bb929f730_m.jpg\" alt=\"20151215_192222\" height=\"240\" width=\"144\" \/><img loading=\"lazy\" decoding=\"async\" src=\"https:\/\/farm1.staticflickr.com\/602\/23766104351_e6bb829585_m.jpg\" alt=\"20151215_193832\" height=\"240\" width=\"144\" \/><\/p>\n<p style=\"text-align: justify;\">Una celebrazione sentita e partecipata con auspici positivi e speranza di sempre maggiori successi. \u00c8 stata quella organizzata, dall\u2019Associazione \u201cConturband\u201d, marted\u00ec 15 dicembre, a partire dalle ore 18.30, presso la Parrocchia \u201cMaria SS.Ausiliatrice\u201d. Protagonisti&nbsp; dello spettacolo \u201dIn Musica .. nell\u2019attesa con Gioia\u201d sono stati i giovanissimi allievi delle classi di musica che hanno offerto uno spettacolo ricco di entusiasmo e professionalit\u00e0. Ad iniziare dai pi\u00f9 piccoli, di soli 6 anni, ai pi\u00f9 grandi, ogni interpretazione ha avuto un grande successo, premiando cos\u00ec l&#8217;impegno e la costanza che i ragazzi hanno posto durante il percorso di studio artistico. &#8220;Quello che vedrete stasera, \u00e8 il frutto della professionalit\u00e0 dei nostri insegnanti: tutti con un curriculum artistico di grande prestigio&#8221; \u2013 ha sottolineato Nuccio Gargano, direttore artistico della \u201cConturband\u201d.&nbsp; Margherita Dipierro ha accompagnato e seguito gli allievi per il pianoforte e l&#8217;avviamento alla musica; Michele Maiellari e Antonio Brunetti per la chitarra classica ed elettrica; Giuseppe Creatore per il sassofono e il clarinetto; Giuseppe Di Lauro per il violino; Davide Scarafile per la tromba; Vitantonio Gasparro per le percussioni e Monia Massetti per il Canto leggero e lirico. La manifestazione \u201dIn Musica .. nell\u2019attesa con Gioia\u201d, tra esibizioni canore e strumentali, ha confermato lo spirito e l&#8217;attenzione che la \u201cConturband\u201d&nbsp; rivolge alla formazione dei ragazzi. La serata \u00e8 stata un omaggio all\u2019arte della musica e del bel canto nel percorso di \u201ccontaminazione\u201d fra le arti che fa da tema conduttore agli appuntamenti del calendario natalizio turese.<\/p>\n","protected":false},"excerpt":{"rendered":"<p><img loading=\"lazy\" decoding=\"async\" src=\"https:\/\/farm1.staticflickr.com\/613\/23848600485_4bb929f730_m.jpg\" alt=\"20151215_192222\" height=\"240\" width=\"144\" \/><img loading=\"lazy\" decoding=\"async\" src=\"https:\/\/farm1.staticflickr.com\/602\/23766104351_e6bb829585_m.jpg\" alt=\"20151215_193832\" height=\"240\" width=\"144\" \/><\/p>\n","protected":false},"author":1,"featured_media":0,"comment_status":"open","ping_status":"closed","sticky":false,"template":"","format":"standard","meta":{"colormag_page_container_layout":"default_layout","colormag_page_sidebar_layout":"default_layout","footnotes":""},"categories":[6],"tags":[],"class_list":["post-13700","post","type-post","status-publish","format-standard","hentry","category-cultura"],"_links":{"self":[{"href":"https:\/\/archivioturi.lavocedelpaese.info\/index.php\/wp-json\/wp\/v2\/posts\/13700","targetHints":{"allow":["GET"]}}],"collection":[{"href":"https:\/\/archivioturi.lavocedelpaese.info\/index.php\/wp-json\/wp\/v2\/posts"}],"about":[{"href":"https:\/\/archivioturi.lavocedelpaese.info\/index.php\/wp-json\/wp\/v2\/types\/post"}],"author":[{"embeddable":true,"href":"https:\/\/archivioturi.lavocedelpaese.info\/index.php\/wp-json\/wp\/v2\/users\/1"}],"replies":[{"embeddable":true,"href":"https:\/\/archivioturi.lavocedelpaese.info\/index.php\/wp-json\/wp\/v2\/comments?post=13700"}],"version-history":[{"count":0,"href":"https:\/\/archivioturi.lavocedelpaese.info\/index.php\/wp-json\/wp\/v2\/posts\/13700\/revisions"}],"wp:attachment":[{"href":"https:\/\/archivioturi.lavocedelpaese.info\/index.php\/wp-json\/wp\/v2\/media?parent=13700"}],"wp:term":[{"taxonomy":"category","embeddable":true,"href":"https:\/\/archivioturi.lavocedelpaese.info\/index.php\/wp-json\/wp\/v2\/categories?post=13700"},{"taxonomy":"post_tag","embeddable":true,"href":"https:\/\/archivioturi.lavocedelpaese.info\/index.php\/wp-json\/wp\/v2\/tags?post=13700"}],"curies":[{"name":"wp","href":"https:\/\/api.w.org\/{rel}","templated":true}]}}