{"id":13694,"date":"2015-12-21T15:19:31","date_gmt":"2015-12-21T15:19:31","guid":{"rendered":"https:\/\/archivioturi.lavocedelpaese.info\/index.php\/2015\/12\/21\/notarnicola-attacchi-diffamatori-qde-relatoq\/"},"modified":"2015-12-21T15:19:31","modified_gmt":"2015-12-21T15:19:31","slug":"notarnicola-attacchi-diffamatori-qde-relatoq","status":"publish","type":"post","link":"https:\/\/archivioturi.lavocedelpaese.info\/index.php\/2015\/12\/21\/notarnicola-attacchi-diffamatori-qde-relatoq\/","title":{"rendered":"Notarnicola, attacchi diffamatori &#8220;de relato&#8221;"},"content":{"rendered":"<p><img loading=\"lazy\" decoding=\"async\" src=\"https:\/\/farm8.staticflickr.com\/7533\/15919754721_591df76575_m.jpg\" alt=\"Vito Notarnicola\" height=\"240\" width=\"162\" \/><\/p>\n<p style=\"text-align: justify;\">Uno dei mali peggiori del nostro paese \u00e8 quello di riferire per interposta persona, di accusare uno o pi\u00f9 soggetti basandosi sul mero sentito dire e di costruire un intero castello con fondamenta di burro. Ed il Sig. Orlandi non si sottrae a questo sport collettivo, incentrato in via esclusiva su pettegolezzi di piazza, con l&#8217;aggravante di aver attribuito alla persona del sottoscritto, in qualit\u00e0 di consigliere comunale, una frase in realt\u00e0 mai pronunciata nelle forme denunciate e di aver sublimato il tutto in una nota, pubblicata sul Fax del 12 dicembre 2015 e, circostanza ancora pi\u00f9 grave, inviata formalmente al Prefetto di Bari ed al Comandante della locale Stazione dei Carabinieri.<br \/>Con l&#8217;auspicio che gli organi di cui sopra procedano al fine di accertare i fatti e le eventuali responsabilit\u00e0 e riservandomi di adire le competenti autorit\u00e0 al fine di tutelare la mia persona a fronte di attacchi diffamatori, ritengo necessario chiarire in questa sede la questione sotto il profilo squisitamente politico.<br \/>Sin dai primi giorni di ottobre, gli assessorati alla cultura ed alla Polizia Locale del Comune di Turi avevano accolto alcune proposte, provenienti da pi\u00f9 fronti, finalizzate a realizzare mercatini natalizi&nbsp; nel periodo di dicembre.<br \/>Con lo scopo di facilitare il dialogo tra i commercianti turesi e di comprendere se e come una proposta del genere potesse essere realizzata, i due assessorati hanno provveduto ad invitare, in data 19 ottobre, presso la sala consiliare del Comune di Turi, pi\u00f9 di sessanta attivit\u00e0 commerciali locali.<br \/>L&#8217;invito, \u00e8 bene precisarlo, \u00e8 stato notificato a mano da un dipendente comunale, in modo da evitare intoppi con la posta e rischi di mancata ricezione (oltre che un aggravio di costi a carico del Comune) ed \u00e8 stato inoltrato alle sole attivit\u00e0 che potevano essere interessate alla proposta, escludendo a priori talune tipologie che, per attivit\u00e0 svolta e merce venduta, non avrebbero avuto, a nostro modesto punto di vista, alcun interesse alla partecipazione ad eventuali mercatini. \u00c8 il caso, questo, del Sig. Orlandi, che tuttavia, se onesto intellettualmente, non pu\u00f2 che darci atto della circostanza che la sua gentile consorte, in quanto titolare di un&#8217;altra attivit\u00e0, forse pi\u00f9 adeguata a dei piccoli chioschi natalizi, sia invece stata invitata.<br \/>Circa il mancato coinvolgimento di alcune attivit\u00e0 che, in astratto, avrebbero potuto essere interessate ai mercatini, si tratta di una dimenticanza legata all&#8217;assenza di una completa banca dati delle attivit\u00e0 in essere a Turi (a dimostrazione della circostanza che chi ci ha preceduti non si poneva affatto il problema del coinvolgimento delle attivit\u00e0 commerciali), mancanza che stiamo comunque provvedendo a sanare.<br \/>Mi sia consentita a questo punto una veloce digressione, utile a smentire le considerazioni, poco informate, del Sig. Orlandi, il quale accusa l&#8217;Amministrazione di scarso confronto ed ascolto nei confronti dei commercianti, con particolare riferimento alla tanto famigerata isola pedonale.<br \/>Anche in questo caso, il Sig. Orlandi riferisce de relato e, con ci\u00f2, sbaglia: l&#8217;assessore Gianvito Pedone ha pi\u00f9 volte richiesto ed organizzato riunioni, coinvolgendo le attivit\u00e0 interessate, purtroppo ricavandone sempre e comunque esperienze poco concludenti, poich\u00e9 la categoria in questione, anche su tematiche semplici, quale pu\u00f2 essere l&#8217;istituzione di un&#8217;isola pedonale, non riesce a fare sintesi, poich\u00e9 ciascuna attivit\u00e0 rincorre obiettivi personali che divergono, per assurdo, anche dalle finalit\u00e0 delle attivit\u00e0 strettamente limitrofe.<br \/>Senza considerare le convocazioni andate del tutto deserte o con una partecipazione estremamente limitata dei commercianti.<br \/>\u00c8 legittima, direi auspicabile, la richiesta di coinvolgimento ed \u00e8 doveroso da parte degli amministratori rispondere alla stessa. Peccato che, ritornando alla riunione sui mercatini natalizi, a fronte di oltre sessanta inviti notificati a mano, si siano presentati solo dieci commercianti. \u00c8 colpa degli amministratori che non coinvolgono o dei commercianti che non si presentano?<br \/>Ma andiamo avanti. Come riferisce il Sig. Orlandi, la riunione fu condotta dalla Vicesindaco Lavinia Orlando e dal sottoscritto, in qualit\u00e0 di consigliere delegato alle attivit\u00e0 produttive (assente l&#8217;Assessore Pedone per sopraggiunti impegni personali).<br \/>Le poche attivit\u00e0 presenti, salvo un&#8217;unica eccezione, erano le stesse che insistono nella zona ricompresa tra la Villa comunale, via XX Settembre e P.zza Orlandi. Inutile precisare l&#8217;ovvio: nonostante l&#8217;ordine del giorno fosse altro, la discussione si \u00e8 immediatamente incentrata sulla tematica relativa all&#8217;isola pedonale, con tutti gli annessi e connessi, occupando oltre i tre quarti della riunione, unitamente alle enormi, quasi insormontabili, difficolt\u00e0 \u201ccaratteriali\u201d che impediscono alle attivit\u00e0 turesi di fare rete, fino a giungere all&#8217;assenza di un&#8217;adeguata associazione dei commercianti che permetta loro di presentare istanze unitarie e pi\u00f9 forti.<br \/>A fronte delle lamentele che giungevano quasi esclusivamente dalla Sig.ra Catucci, che accusava l&#8217;Amministrazione di averle cagionato, con l&#8217;istituzione dell&#8217;isola pedonale, un importante decremento negli utili della sua attivit\u00e0, il sottoscritto ha invitato i commercianti presenti a ragionare sulle diverse circostanze che andavano nel senso inverso rispetto alla tesi della Sig.ra Catucci, a cominciare dal caldo incessante dell&#8217;estate appena trascorsa, che ha fatto riversare i cittadini in villa e, per la propriet\u00e0 transitiva, anche nelle attivit\u00e0 commerciali presenti nella zona, proprio per trovare refrigerio &#8211; differentemente da quanto capitato nell&#8217;estate 2014, molto pi\u00f9 fredda.<br \/>Altro esempio da me apportato \u00e8 stato il seguente: se \u00e8 vero che le attivit\u00e0 hanno subito riscontri negativi a causa della chiusura dell&#8217;area villa, per quale ragione i commercianti hanno richiesto&nbsp; un incremento dell&#8217;estensione dei dehors (spazi esterni autorizzati dal Comune, per cui le attivit\u00e0 pagano adeguato canone)?<br \/>La discussione verteva, dunque, su questo punto: se io vedo i tavoli pieni, a tal punto da rendere necessaria un&#8217;estensione dei dehors, com&#8217;\u00e8 possibile che gli incassi si siano cos\u00ec notevolmente ridotti? E, se \u00e8 vero che riduzione c&#8217;\u00e8 stata, chi meglio di un soggetto terzo (come la Finanza) potrebbe effettuare tale verifica?<br \/>Questo \u00e8 stato il tenore della conversazione, condotta con toni elevati, da entrambe le parti, tanto da spingere, ad un certo punto, la Vicesindaco Orlando a chiedermi di abbassare la voce \u2013 e di non di certo a rimproverarmi per quanto affermato, come riferisce, sempre sbagliando, il non presente Sig. Orlandi.<br \/>Un conto \u00e8 zittire una cittadina e minacciarla di mandare la Guardia di Finanza (per quanto, se non si ha nulla da nascondere, una frase di questo tipo non dovrebbe intimorire nessuno), un conto \u00e8 inserire la GdF in un discorso ben pi\u00f9 complesso ed articolato, come organo deputato a verificare la reale consistenza degli incassi di un&#8217;attivit\u00e0.<br \/>E non posso esimermi dal precisare un&#8217;ulteriore circostanza: tanto la discussione \u00e8 servita che, nei giorni successivi, la stessa Sig.ra Catucci si \u00e8 attivata per organizzare, in collaborazione con gli altri commercianti della Villa comunale, le associazioni locali e l&#8217;Amministrazione comunale, le due serate che si terranno sabato 19 e domenica 20 dicembre e che saranno caratterizzate da musica, artisti di strada e gastronomia, sulla falsariga di quanto gi\u00e0 avvenuto, a gennaio 2015, per merito dei commercianti di via Gramsci (che proporranno una simile iniziativa anche per il 2016). &nbsp;<br \/>Per concludere, suggerirei al Sig. Orlandi di vagliare con estrema attenzione le fonti che a lui si rivolgono e chiedono ausilio, prima di giungere a scrivere al Prefetto, ai Carabinieri ed a indignarsi ai quattro venti, spiattellando sui giornali circostanze a lui ignote, in quanto non vissute in prima persona. Allo stesso Sig. Orlandi suggerirei altres\u00ec di utilizzare in modo pi\u00f9 proficuo tutta l&#8217;energia, finora impiegata semplicemente per scrivere su giornali e social network (diffamando in questo caso un pubblico amministratore): perch\u00e9 non utilizzarla al fine di favorire la nascita di un&#8217;associazione che racchiuda quante pi\u00f9 attivit\u00e0 possibili, che sappia rappresentare, in maniera univoca &#8211; cio\u00e8 pi\u00f9 forte &#8211; gli interessi dei commercianti e che sia da ausilio rispetto all&#8217;organizzazione di attivit\u00e0 promozionali (come accade da tanti anni in molti dei paesi limitrofi)?<br \/>Il rispetto che lui giustamente esige, come cittadino e commerciante, dagli amministratori \u00e8 il medesimo che il sottoscritto, in qualit\u00e0 di cittadino e di consigliere, pensa di meritare. Ma il rispetto passa innanzitutto per il confronto che, per quanto acceso ed animato possa essere, non deve mai partire da accuse prive di fondamento. Non nego di aver pensato che il mio lavoro di sindacalista, abituato a difendere i diritti di dipendenti non retribuiti, possa aver esacerbato, in modo del tutto inconscio, gli animi di qualcuno dei presenti alla riunione e generato le accuse lette sui giornali. Auspico semplicemente che, per l&#8217;avvenire, i preconcetti cadano: da parte mia e dell&#8217;intera Amministrazione, come ampiamente dimostrato, le porte sono e restano spalancate.&nbsp;&nbsp;&nbsp;<\/p>\n","protected":false},"excerpt":{"rendered":"<p><img loading=\"lazy\" decoding=\"async\" src=\"https:\/\/farm8.staticflickr.com\/7533\/15919754721_591df76575_m.jpg\" alt=\"Vito Notarnicola\" height=\"240\" width=\"162\" \/><\/p>\n","protected":false},"author":1,"featured_media":0,"comment_status":"open","ping_status":"closed","sticky":false,"template":"","format":"standard","meta":{"colormag_page_container_layout":"default_layout","colormag_page_sidebar_layout":"default_layout","footnotes":""},"categories":[4],"tags":[],"class_list":["post-13694","post","type-post","status-publish","format-standard","hentry","category-politica"],"_links":{"self":[{"href":"https:\/\/archivioturi.lavocedelpaese.info\/index.php\/wp-json\/wp\/v2\/posts\/13694","targetHints":{"allow":["GET"]}}],"collection":[{"href":"https:\/\/archivioturi.lavocedelpaese.info\/index.php\/wp-json\/wp\/v2\/posts"}],"about":[{"href":"https:\/\/archivioturi.lavocedelpaese.info\/index.php\/wp-json\/wp\/v2\/types\/post"}],"author":[{"embeddable":true,"href":"https:\/\/archivioturi.lavocedelpaese.info\/index.php\/wp-json\/wp\/v2\/users\/1"}],"replies":[{"embeddable":true,"href":"https:\/\/archivioturi.lavocedelpaese.info\/index.php\/wp-json\/wp\/v2\/comments?post=13694"}],"version-history":[{"count":0,"href":"https:\/\/archivioturi.lavocedelpaese.info\/index.php\/wp-json\/wp\/v2\/posts\/13694\/revisions"}],"wp:attachment":[{"href":"https:\/\/archivioturi.lavocedelpaese.info\/index.php\/wp-json\/wp\/v2\/media?parent=13694"}],"wp:term":[{"taxonomy":"category","embeddable":true,"href":"https:\/\/archivioturi.lavocedelpaese.info\/index.php\/wp-json\/wp\/v2\/categories?post=13694"},{"taxonomy":"post_tag","embeddable":true,"href":"https:\/\/archivioturi.lavocedelpaese.info\/index.php\/wp-json\/wp\/v2\/tags?post=13694"}],"curies":[{"name":"wp","href":"https:\/\/api.w.org\/{rel}","templated":true}]}}