{"id":13671,"date":"2015-12-06T17:46:09","date_gmt":"2015-12-06T17:46:09","guid":{"rendered":"https:\/\/archivioturi.lavocedelpaese.info\/index.php\/2015\/12\/06\/la-banda-di-rutigliano-omaggia-santa-cecilia\/"},"modified":"2015-12-06T17:46:09","modified_gmt":"2015-12-06T17:46:09","slug":"la-banda-di-rutigliano-omaggia-santa-cecilia","status":"publish","type":"post","link":"https:\/\/archivioturi.lavocedelpaese.info\/index.php\/2015\/12\/06\/la-banda-di-rutigliano-omaggia-santa-cecilia\/","title":{"rendered":"La Banda di Rutigliano Omaggia Santa Cecilia"},"content":{"rendered":"<p><img loading=\"lazy\" decoding=\"async\" src=\"https:\/\/farm6.staticflickr.com\/5685\/23197755879_9aeb848630_n.jpg\" alt=\"La Signora Mariella consegna il premio\" height=\"215\" width=\"320\" \/><\/p>\n<p style=\"text-align: justify;\" class=\"western\" align=\"justify\">Una serata di gala per godere di uno dei gioielli rutiglianesi pi\u00f9 preziosi, apprezzato nel panorama nazionale ed internazionale. La chiesa matrice Santa Maria della Colonna e San Nicola, a Rutigliano, ha accolto per una imperdibile occasione un saggio musicale del Gran Concerto Bandistico <b>\u00abCitt\u00e0 di Rutigliano\u00bb<\/b>.<\/p>\n<p style=\"text-align: justify;\" class=\"western\" align=\"justify\">Il complesso bandistico diretto dal maestro Giuseppe Gregucci si \u00e8 esibito in occasione del tipico \u201cConcerto di Santa Cecilia\u201d la scorsa domenica il 29 novembre.<\/p>\n<p style=\"text-align: justify;\" align=\"justify\">Nato<b>&nbsp;<\/b>&nbsp;nel&nbsp;<b>1877<\/b>,<b>&nbsp;<\/b>il&nbsp;Gran Concerto Bandistico<b> \u00abCitt\u00e0 di Rutigliano\u00bb<\/b>&nbsp;\u00e8 tra le pi\u00f9 celebri realt\u00e0 del panorama musicale della Puglia.<\/p>\n<p style=\"text-align: justify;\" align=\"justify\">Nel&nbsp;<b>1940<\/b>, con la direzione del celebre maestro abruzzese&nbsp;<b>Giustino Scassa<\/b>, il complesso orchestrale di Rutigliano, al termine di un lungo tour che lo vide protagonista in Campania, dove, come si legge nei giornali dell\u2019epoca&#8230;&nbsp;<em>\u00absi \u00e8 affermato tra i migliori complessi bandistici dell\u2019Italia meridionale&#8230;\u00bb<\/em>, venne gratificato dell\u2019appellativo di&nbsp;<em>\u00abRegia Banda\u00bb<\/em>.<\/p>\n<p><img loading=\"lazy\" decoding=\"async\" style=\"float: right;\" src=\"https:\/\/farm6.staticflickr.com\/5667\/23565732385_f172a61c78_n.jpg\" alt=\"DSC_0571\" height=\"215\" width=\"320\" \/><\/p>\n<p style=\"text-align: justify;\" align=\"justify\">Nel&nbsp;<b>1984<\/b>&nbsp;la banda rutiglianese, diretta dal maestro&nbsp;Gregorio Iacobelli, ebbe l\u2019onore di rappresentare la Puglia al celebre<b>&nbsp;<\/b>Carnevale di Viareggio<b>.<\/b><\/p>\n<p style=\"text-align: justify;\" align=\"justify\">Nel&nbsp;<b>2004<\/b>, con la direzione del maestro campano&nbsp;Paolo Addesso, l\u2019orchestra rutiglianese si esib\u00ec con successo a&nbsp;Roma<b>&nbsp;<\/b>nel&nbsp;Santuario di Santa Maria delle Grazie<b>&nbsp;<\/b>e nella trasmissione televisiva di&nbsp;Rai Uno<b>&nbsp;<\/b><em>\u00abLa Vita in Diretta\u00bb<\/em><i>.<\/i><\/p>\n<p style=\"text-align: justify;\" align=\"justify\">Nel&nbsp;<b>2005&nbsp;<\/b>la&nbsp;Banda di Rutigliano&nbsp;torn\u00f2 ad esibirsi a&nbsp;Roma<b>&nbsp;<\/b>in occasione del<b>&nbsp;<\/b>Congresso Mondiale di Neurochirurgia<b>. <\/b>Nel&nbsp;<b>2006<\/b>&nbsp;ha rappresentato la tradizione bandistica pugliese nella&nbsp;Rassegna Internazionale&nbsp;delle Tradizioni Popolari<b>&nbsp;<\/b>di<b>&nbsp;<\/b>Cesano Boscone (Milano).<\/p>\n<p style=\"text-align: justify;\" align=\"justify\">Nel&nbsp;<b>2008<\/b>&nbsp;la&nbsp;Banda<b> <\/b>\u00abCitt\u00e0 di Rutigliano\u00bb&nbsp;\u00e8 stata censita dall\u2019Unione Nazionale delle Pro Loco d\u2019Italia&nbsp;quale rilevante patrimonio culturale immateriale d\u2019Italia a seguito della ratifica da parte del Governo Italiano della \u00abConvenzione con l\u2019Unesco per la salvaguardia del patrimonio culturale immateriale\u00bb.<\/p>\n<p style=\"text-align: justify;\" align=\"justify\">Il&nbsp;<b>24 Gennaio 2011<\/b>&nbsp;la&nbsp;Banda \u00abCitt\u00e0 di Rutigliano\u00bb&nbsp;\u00e8 stata riconosciuta dal Consiglio Comunale di Rutigliano all\u2019unanimit\u00e0 quale&nbsp;<em>\u00abGruppo Musicale di Interesse Comunale\u00bb<\/em><em><b>&nbsp;<\/b><\/em>(Delibera di Consiglio Comunale n. 7\/2011).<\/p>\n<p style=\"text-align: justify;\" align=\"justify\">Tra gli oltre 80 concerti eseguiti nel&nbsp;<b>2015<\/b>&nbsp;con la direzione del&nbsp;maestro Giuseppe Gregucci, vanno ricordati quelli di&nbsp;Arpino (Frosinone)<b>,<\/b> ripreso dalle telecamere della trasmissione televisiva di&nbsp;Rai Due<b>&nbsp;<\/b>\u00abSereno Variabile\u00bb<b>,<\/b> e quello di&nbsp;Milano&nbsp;a&nbsp;Expo 2015<b>.<\/b><\/p>\n<p style=\"text-align: justify;\" align=\"justify\">La Santa protettrice dei musicisti \u00e8 stata omaggiata dalla formazione musicale rutiglianese con l\u2019esecuzione di \u201cVita Pugliese\u201d di Giuseppe Piantoni, elogio del Maestro pugliese d\u2019adozione per ricordarci che la Puglia non \u00e8 solo la terra della pizzica. Altra perla musicale egregiamente eseguita dalla Banda \u201cCitt\u00e0 di Rutigliano\u201d \u00e8 stata \u201cLa Fanciulla del west\u201d di Giacomo Puccini, opera lirica in tre atti realizzata per la prima volta al Metropolitan di New York il 10 dicembre 1910. L\u2019opera pucciniana \u00e8 stata realizzata per la prima volta in occasione del Concerto di Santa Cecilia con gli arrangiamenti a cura del direttore Giuseppe Gregucci. i due brani sono stati incorniciati dalle illuminanti narrazioni dei giornalisti Gianni Capotorto e Pamela Acquaviva.<\/p>\n<p style=\"text-align: justify;\" align=\"justify\">L\u2019altare della Chiesa Madre di Rutigliano si presta ad un altro evento di prestigio. La consegna dell\u2019ambitissimo Premio Orpheo. Il Premio Regionale Orpheo, giunto quest\u2019anno alla IX edizione, si prefigge lo scopo di glorificare il miglior musicista-bandista della Regione Puglia. Il premio quest\u2019anno, per la prima volta nella storia, \u00e8 stato assegnato ad un turese: l\u2019oboista Giuseppe Lonuzzo.<\/p>\n<p style=\"text-align: justify;\" align=\"justify\">Giuseppe Lonuzzo si \u00e8 distinto nella sua carriera da oboista meritando il trofeo pi\u00f9 ambito dai musicisti pugliesi. Diplomato al Conservatorio \u201cN. Piccinni\u201d di Bari completando la propria formazione con numerosi corsi di livello nazionale. Gi\u00e0 primo oboe in diverse prestigiose formazioni concertistiche e bandistiche della Puglia e&nbsp;membro dell\u2019Orchestra Sinfonica Internazionale Giovanile di Lanciano (Chieti), attualmente oboe solista dello storico Gran Concerto Bandistico \u201cGiuseppe Piantoni\u201d \u00abCitt\u00e0 di Conversano\u00bb.<\/p>\n<p style=\"text-align: justify;\" align=\"justify\">Il \u201cPremio Orpheo\u201d \u00e8 nato da un\u2019idea dell\u2019omonima associazione culturale turese, in collaborazione dell\u2019Associazione Culturale Musicale \u201cAmici della Musica\u201d di Triggiano (Ba), dell\u2019Associazione \u201cFFESTA\u201d di Conversano(Ba), dell\u2019 Associazione Musicale A.M.B.I.M.A. di Rutigliano (Ba) e con il patrocinio della Regione Puglia Assessorato alla Cultura e Spettacolo , dell\u2019amministrazione comunale di Turi (Ba) ,dell\u2019Associazione CUORE della PUGLIA ,del comune di Rutigliano (Ba).<\/p>\n<p style=\"text-align: justify;\" align=\"justify\">Il \u201cPremio Orpheo\u201d ha una cadenza annuale e viene assegnato in base alla decisione di una giuria ed applicando criteri ben definiti: la prima fase vede la riunione del direttivo della stessa associazione dove viene scelto lo strumento da selezionare tra la classe dei solisti e&nbsp; poi premiare,( il solista in modo particolare e che interpreta le arie del repertorio musicale bandistico, insieme al maestro, \u00e8 la figura pi\u00f9 conosciuta dell\u2019organico bandistico che rappresenta ogni realt\u00e0 musicale delle diverse cittadine&nbsp; e che in secondo piano per gli appassionati del mondo bandistico, rappresenta la figura di spicco di una banda.); la seconda fase vede la costituzione di una commissione tecnica composta da direttori di banda,amatori, presidenti di bande e&nbsp; feste patronali conoscitori del settore musicale bandistico pugliese, e che annualmente si riunisce in commissione il giorno&nbsp; 10 Novembre, nella famosa festa patronale di Adelfia (Ba) in onore di San Trifone, anche famosa per essere la fiera delle bande musicali, per poi proclamare in base ad un regolamento il vincitore; la terza fase vede la manifestazione di premiazione dove viene invitato il vincitore nella rispettiva Citt\u00e0 ospitante e di lunga tradizione bandistica, per la consegna del riconoscimento culturale e musicale.<\/p>\n<p style=\"text-align: justify;\" align=\"justify\">Da qualche anno, in accordo con l\u2019amministrazione comunale e con le altre realt\u00e0 musicali del territorio regionale, il premio \u00e8 diventato itinerante e la manifestazione attraversa le citt\u00e0 che continuano a portare avanti la tradizione bandistica musicale di Puglia, con il fine di formare un circuito musicale e culturale, che racchiuda le tradizione, la storia e la continua evoluzione della cultura musicale bandistica, dando vita ad una vera e propria filiera musicale, cosi da poter&nbsp; tutti insieme sensibilizzare le istituzioni regionali a tutelare questa tradizione.<\/p>\n<p style=\"text-align: justify;\" align=\"justify\">La IX edizione del \u201cPremio Orpheo\u201d \u00e8 stato dedicato alla memoria di Pasquale Mariella. Un ricordo viene per lui speso mentre il suono dell\u2019oboe di Giuseppe Lonuzzo risuona nella Chiesa di Santa Maria della Colonna e San Nicola sulle note di &nbsp;Concerto in Re minore per oboe di&nbsp;Alessandro Marcello.<\/p>\n","protected":false},"excerpt":{"rendered":"<p><img loading=\"lazy\" decoding=\"async\" src=\"https:\/\/farm6.staticflickr.com\/5685\/23197755879_9aeb848630_n.jpg\" alt=\"La Signora Mariella consegna il premio\" height=\"215\" width=\"320\" \/><\/p>\n","protected":false},"author":1,"featured_media":0,"comment_status":"open","ping_status":"closed","sticky":false,"template":"","format":"standard","meta":{"colormag_page_container_layout":"default_layout","colormag_page_sidebar_layout":"default_layout","footnotes":""},"categories":[6],"tags":[],"class_list":["post-13671","post","type-post","status-publish","format-standard","hentry","category-cultura"],"_links":{"self":[{"href":"https:\/\/archivioturi.lavocedelpaese.info\/index.php\/wp-json\/wp\/v2\/posts\/13671","targetHints":{"allow":["GET"]}}],"collection":[{"href":"https:\/\/archivioturi.lavocedelpaese.info\/index.php\/wp-json\/wp\/v2\/posts"}],"about":[{"href":"https:\/\/archivioturi.lavocedelpaese.info\/index.php\/wp-json\/wp\/v2\/types\/post"}],"author":[{"embeddable":true,"href":"https:\/\/archivioturi.lavocedelpaese.info\/index.php\/wp-json\/wp\/v2\/users\/1"}],"replies":[{"embeddable":true,"href":"https:\/\/archivioturi.lavocedelpaese.info\/index.php\/wp-json\/wp\/v2\/comments?post=13671"}],"version-history":[{"count":0,"href":"https:\/\/archivioturi.lavocedelpaese.info\/index.php\/wp-json\/wp\/v2\/posts\/13671\/revisions"}],"wp:attachment":[{"href":"https:\/\/archivioturi.lavocedelpaese.info\/index.php\/wp-json\/wp\/v2\/media?parent=13671"}],"wp:term":[{"taxonomy":"category","embeddable":true,"href":"https:\/\/archivioturi.lavocedelpaese.info\/index.php\/wp-json\/wp\/v2\/categories?post=13671"},{"taxonomy":"post_tag","embeddable":true,"href":"https:\/\/archivioturi.lavocedelpaese.info\/index.php\/wp-json\/wp\/v2\/tags?post=13671"}],"curies":[{"name":"wp","href":"https:\/\/api.w.org\/{rel}","templated":true}]}}