{"id":13666,"date":"2015-12-07T11:35:55","date_gmt":"2015-12-07T11:35:55","guid":{"rendered":"https:\/\/archivioturi.lavocedelpaese.info\/index.php\/2015\/12\/07\/francesca-gangi-vince-al-concorso-rms\/"},"modified":"2015-12-07T11:35:55","modified_gmt":"2015-12-07T11:35:55","slug":"francesca-gangi-vince-al-concorso-rms","status":"publish","type":"post","link":"https:\/\/archivioturi.lavocedelpaese.info\/index.php\/2015\/12\/07\/francesca-gangi-vince-al-concorso-rms\/","title":{"rendered":"Francesca Gangi vince al concorso RMS"},"content":{"rendered":"<p><img loading=\"lazy\" decoding=\"async\" src=\"https:\/\/farm6.staticflickr.com\/5674\/23565488345_c885890338_n.jpg\" alt=\"Un momento della premiazione\" height=\"166\" width=\"320\" \/><\/p>\n<p style=\"text-align: justify;\">Si \u00e8 chiuso sabato 21 novembre, a Triggiano, il concorso di &#8220;RadioMikySuond&#8221; con una finale che ha visto come protagonista, e poi vincitrice, la nostra concittadina Francesca Gangi, cantante dell&#8217;Accademia &#8220;Chi \u00e8 di scena !?&#8221; di Turi.<br \/>RMS \u00e8 un concorso radiofonico, organizzato da &#8220;RadioMikySound&#8221;, che riconosce come premio per il primo classificato un contratto discografico di due anni e la pubblicazione di inediti su tutti i digital <img loading=\"lazy\" decoding=\"async\" style=\"float: right;\" src=\"https:\/\/farm6.staticflickr.com\/5711\/22938415063_eda2fcfa42_n.jpg\" alt=\"Durante l'esibizione\" height=\"320\" width=\"238\" \/>store. <br \/>A presentare la finale, Michele Franco e Luciana Scarnera, che hanno accolto i pretendenti al primo posto in un&#8217;atmosfera allegra e divertente, che ha stemperato le emozioni, visibili negli occhi di tutti i partecipanti. A giudicare tutti, la giuria formata da Giuliana Telse e Antonio Pansini.<br \/>&#8220;Le cose belle arrivano quando meno te le aspetti&#8221; \u2013 commenta Francesca all&#8217;indomani della vittoria. Infatti, &#8220;dopo tanta fatica e speranza, un altro &#8220;piccolo&#8221; passo verso il mio pi\u00f9 grande sogno, \u00e8 stato compiuto&#8221;. <br \/>Ha sfidato altri bravissimi cantanti, ma ha conquistato la giuria tecnica chiamata per l&#8217;occasione \u2013 le precedenti fasi hanno previsto invece una votazione da casa.<br \/>&#8220;Raggiungere questo primo posto, per me, \u00e9 stata un&#8217;emozione indescrivibile e ancora oggi stento a crederci; ci\u00f2 \u00e8 divenuto realt\u00e0, grazie a tutte quelle persone che costantemente hanno creduto in me e mi hanno spronata, senza mai scoraggiarmi. Ringrazio la mia famiglia e tutte quelle persone che mi hanno supportata; ma una riconoscenza particolare va al maestro Lorenzo Salvatori, perch\u00e9 senza di lui, non sarei potuta essere qui&#8221; \u2013 continua emozionata Francesca. <br \/>&#8220;Sono soddisfatta di me e degli obiettivi prefissati, ce la metter\u00f2 tutta e spero, magari un giorno, di condividere la citazione del mio idolo, Laura Pausini: \u00abHo creduto in un sogno ed ho fatto bene\u00bb.<\/p>\n","protected":false},"excerpt":{"rendered":"<p><img loading=\"lazy\" decoding=\"async\" src=\"https:\/\/farm6.staticflickr.com\/5674\/23565488345_c885890338_n.jpg\" alt=\"Un momento della premiazione\" height=\"166\" width=\"320\" \/><\/p>\n","protected":false},"author":1,"featured_media":0,"comment_status":"open","ping_status":"closed","sticky":false,"template":"","format":"standard","meta":{"colormag_page_container_layout":"default_layout","colormag_page_sidebar_layout":"default_layout","footnotes":""},"categories":[6],"tags":[],"class_list":["post-13666","post","type-post","status-publish","format-standard","hentry","category-cultura"],"_links":{"self":[{"href":"https:\/\/archivioturi.lavocedelpaese.info\/index.php\/wp-json\/wp\/v2\/posts\/13666","targetHints":{"allow":["GET"]}}],"collection":[{"href":"https:\/\/archivioturi.lavocedelpaese.info\/index.php\/wp-json\/wp\/v2\/posts"}],"about":[{"href":"https:\/\/archivioturi.lavocedelpaese.info\/index.php\/wp-json\/wp\/v2\/types\/post"}],"author":[{"embeddable":true,"href":"https:\/\/archivioturi.lavocedelpaese.info\/index.php\/wp-json\/wp\/v2\/users\/1"}],"replies":[{"embeddable":true,"href":"https:\/\/archivioturi.lavocedelpaese.info\/index.php\/wp-json\/wp\/v2\/comments?post=13666"}],"version-history":[{"count":0,"href":"https:\/\/archivioturi.lavocedelpaese.info\/index.php\/wp-json\/wp\/v2\/posts\/13666\/revisions"}],"wp:attachment":[{"href":"https:\/\/archivioturi.lavocedelpaese.info\/index.php\/wp-json\/wp\/v2\/media?parent=13666"}],"wp:term":[{"taxonomy":"category","embeddable":true,"href":"https:\/\/archivioturi.lavocedelpaese.info\/index.php\/wp-json\/wp\/v2\/categories?post=13666"},{"taxonomy":"post_tag","embeddable":true,"href":"https:\/\/archivioturi.lavocedelpaese.info\/index.php\/wp-json\/wp\/v2\/tags?post=13666"}],"curies":[{"name":"wp","href":"https:\/\/api.w.org\/{rel}","templated":true}]}}