{"id":13663,"date":"2015-12-07T07:19:04","date_gmt":"2015-12-07T07:19:04","guid":{"rendered":"https:\/\/archivioturi.lavocedelpaese.info\/index.php\/2015\/12\/07\/allitet-sandro-pertini-linglese-e-a-suon-di-musica\/"},"modified":"2015-12-07T07:19:04","modified_gmt":"2015-12-07T07:19:04","slug":"allitet-sandro-pertini-linglese-e-a-suon-di-musica","status":"publish","type":"post","link":"https:\/\/archivioturi.lavocedelpaese.info\/index.php\/2015\/12\/07\/allitet-sandro-pertini-linglese-e-a-suon-di-musica\/","title":{"rendered":"All\u2019I.T.E.S. \u201cSandro Pertini\u201d l\u2019inglese \u00e8 a suon di musica"},"content":{"rendered":"<p><img loading=\"lazy\" decoding=\"async\" src=\"https:\/\/farm6.staticflickr.com\/5758\/22937913153_29afb82711_n.jpg\" alt=\"Foto Pietro Carenza4\" height=\"188\" width=\"320\" \/><\/p>\n<p style=\"text-align: justify;\">(Foto Pietro Carenza)<\/p>\n<p><img loading=\"lazy\" decoding=\"async\" style=\"float: right;\" src=\"https:\/\/farm6.staticflickr.com\/5773\/23269267400_2545f926ca_n.jpg\" alt=\"Foto Pietro Carenza2\" height=\"210\" width=\"320\" \/><\/p>\n<p style=\"text-align: justify;\">L&#8217;Inglese non \u00e8 un sapere astratto da imparare ma \u00e8 uno strumento straordinario che ci permette di comunicare con gli altri, condividere esperienze e apprendere; \u00e8 uno strumento che apre al mondo e ci offre la possibilit\u00e0 di accoglierlo. Consapevole dell\u2019importanza della lingua inglese, l\u2019I.T.E.S&nbsp; \u201cSandro Pertini\u201d di Turi ha aderito, gioved\u00ec 26 novembre, ad un workshop per studenti, organizzato dal Gallery Languages Ltd, dal titolo \u2018Rhyme on Time\u2019. <br \/>L&#8217;iniziativa, fortemente voluta dal dirigente scolastico, Andrea Roncone, e dai docenti Vito Capriati e Tiziana Panaro, \u00e8 stata animata dal prof. Jason Levine, docente madrelingua di New York dalla pluriennale esperienza nell\u2019insegnamento della lingua inglese, conosciuto sui social network come Fluency MC. &nbsp;<br \/>Il workshop, che ha coinvolto anche i ragazzi della scuola media, si \u00e8 concentrato sullo sviluppo delle abilit\u00e0 di ascolto, di lettura e del parlato acquisite in chiave rap. Il rap, come ha spiegato lo stesso Jason, \u00e8 una poesia in musica, come lo stesso acronimo sottintende Rhythm And Poetry, un insieme di rime in musica. \u201cLa musica aiuta e la ripetizione meccanica di <img loading=\"lazy\" decoding=\"async\" style=\"float: left;\" src=\"https:\/\/farm1.staticflickr.com\/606\/23564994085_d39835944a_n.jpg\" alt=\"Foto Pietro Carenza1\" height=\"220\" width=\"320\" \/>paradigmi, verbi e forme grammaticali, tipica dei bambini, avviene &#8211; ha affermato il prof.&nbsp; Levine, durante la sua presentazione &#8211;&nbsp; pi\u00f9 facilmente se gli \u201cstudenti\u201d si divertono nell\u2019imparare. Questo \u00e8 il mio scopo\u201d. <br \/>Durante il workshop, della durata di due ore, gli alunni non sono stati semplici spettatori, ma anche protagonisti, esercitando cos\u00ec il loro inglese, cantando e rispondendo alle domande di comprensione di Jason. Entusiasti dell\u2019esperienza vissuta, autofinanziata con un minimo contributo, non hanno esitato, a fine spettacolo, a chiedere al prof. Jason Levine foto e autografi. <br \/>Ancora una volta l\u2019I.T.E.S&nbsp; \u201cSandro Pertini\u201d, con un\u2019iniziativa di apprendimento rivoluzionaria e vicina alle reali esigenze dei ragazzi, ha ribadito la sua filosofia di scuola: apprendere per avere un futuro migliore, imparare per divenire attori di una societ\u00e0? giusta e democratica, sapere per non essere mai colti impreparati dalla vita.<\/p>\n","protected":false},"excerpt":{"rendered":"<p><img loading=\"lazy\" decoding=\"async\" src=\"https:\/\/farm6.staticflickr.com\/5758\/22937913153_29afb82711_n.jpg\" alt=\"Foto Pietro Carenza4\" height=\"188\" width=\"320\" \/><\/p>\n","protected":false},"author":1,"featured_media":0,"comment_status":"open","ping_status":"closed","sticky":false,"template":"","format":"standard","meta":{"colormag_page_container_layout":"default_layout","colormag_page_sidebar_layout":"default_layout","footnotes":""},"categories":[7],"tags":[],"class_list":["post-13663","post","type-post","status-publish","format-standard","hentry","category-attualita"],"_links":{"self":[{"href":"https:\/\/archivioturi.lavocedelpaese.info\/index.php\/wp-json\/wp\/v2\/posts\/13663","targetHints":{"allow":["GET"]}}],"collection":[{"href":"https:\/\/archivioturi.lavocedelpaese.info\/index.php\/wp-json\/wp\/v2\/posts"}],"about":[{"href":"https:\/\/archivioturi.lavocedelpaese.info\/index.php\/wp-json\/wp\/v2\/types\/post"}],"author":[{"embeddable":true,"href":"https:\/\/archivioturi.lavocedelpaese.info\/index.php\/wp-json\/wp\/v2\/users\/1"}],"replies":[{"embeddable":true,"href":"https:\/\/archivioturi.lavocedelpaese.info\/index.php\/wp-json\/wp\/v2\/comments?post=13663"}],"version-history":[{"count":0,"href":"https:\/\/archivioturi.lavocedelpaese.info\/index.php\/wp-json\/wp\/v2\/posts\/13663\/revisions"}],"wp:attachment":[{"href":"https:\/\/archivioturi.lavocedelpaese.info\/index.php\/wp-json\/wp\/v2\/media?parent=13663"}],"wp:term":[{"taxonomy":"category","embeddable":true,"href":"https:\/\/archivioturi.lavocedelpaese.info\/index.php\/wp-json\/wp\/v2\/categories?post=13663"},{"taxonomy":"post_tag","embeddable":true,"href":"https:\/\/archivioturi.lavocedelpaese.info\/index.php\/wp-json\/wp\/v2\/tags?post=13663"}],"curies":[{"name":"wp","href":"https:\/\/api.w.org\/{rel}","templated":true}]}}