{"id":13621,"date":"2015-12-01T10:18:04","date_gmt":"2015-12-01T10:18:04","guid":{"rendered":"https:\/\/archivioturi.lavocedelpaese.info\/index.php\/2015\/12\/01\/il-centro-diurno-apre-ai-bambini-con-difficolta-nellapprendimento\/"},"modified":"2015-12-01T10:18:04","modified_gmt":"2015-12-01T10:18:04","slug":"il-centro-diurno-apre-ai-bambini-con-difficolta-nellapprendimento","status":"publish","type":"post","link":"https:\/\/archivioturi.lavocedelpaese.info\/index.php\/2015\/12\/01\/il-centro-diurno-apre-ai-bambini-con-difficolta-nellapprendimento\/","title":{"rendered":"Il centro diurno apre ai bambini con difficolt\u00e0 nell\u2019apprendimento?"},"content":{"rendered":"<p><img loading=\"lazy\" decoding=\"async\" src=\"https:\/\/farm1.staticflickr.com\/685\/23309591581_bd2607269a_n.jpg\" alt=\"Il consigliere Birardi\" height=\"240\" width=\"320\" \/><\/p>\n<p style=\"text-align: justify;\"><strong>Cosa si sta facendo per i bambini con difficolt\u00e0 di tipo psicologico o di apprendimento?<\/strong> Ad aprire il dibattito su un cos\u00ec delicato problema \u00e8, in seduta consigliare e tra i banchi della minoranza, il dott. Birardi: \u201cCosa sta facendo questa Amministrazione per quanto riguarda il centro diurno?\u201d \u2013 chiede alla maggioranza, affermando poi di aver ricevuto varie segnalazioni da alcune mamme.&nbsp; \u201cDa un approfondimento \u2013 spiega il consigliere \u2013 ho constatato che nella scuola primaria ci sarebbero dai 30 ai 40 ragazzi con difficolt\u00e0 di tipo psicologico o di apprendimento, mentre nella scuola secondaria circa 30 ragazzi con la stessa tipologia di problematiche. Infine, sarebbero 17 gli stranieri che frequentano le scuole turesi\u201d. Secondo il resoconto di Birardi, queste madri lamenterebbero una mancanza di intervento da parte della scuola pubblica. Cosa che, costringerebbe i genitori a rivolgersi al privato anche se \u201cci sono famiglie che non stanno molto bene economicamente\u201d tanto da non potersi permettere questo tipo di spese. L\u2019idea di Birardi, dunque, sarebbe quella di inserire servizi specifici tra le attivit\u00e0 del centro diurno, in modo da poter andare incontro a questo tipo di esigenze, di non poca importanza per alcuni piccoli turesi.<br \/><strong>Il Sindaco: \u201cUn problema complesso\u201d.<\/strong> Per il sindaco Coppi, legato alla questione anche da motivi professionali, il problema sarebbe \u201ccomplesso\u201d. Spiega, infatti, che tutte le scuole sono in difficolt\u00e0 da questo punto di vista, perch\u00e9 la ASL non riconosce per i bambini con disturbi specifici dell\u2019apprendimento l\u2019assistenza di personale qualificato. Un vuoto sanitario e sociale che costringe le famiglie a rivolgersi al privato. Tra l\u2019altro, di educatori o insegnati che possano vantare a riguardo specifiche competenze, ce ne sarebbero davvero pochi.<br \/>Inserire l\u2019assistenza nel prossimo bando per la gestione del centro diurno. Il primo cittadino non boccia la proposta del consigliere Birardi e la proietta alla fine di quest\u2019anno, quando dovrebbe scadere l\u2019attuale contratto di \u201cFamiglia accogliente\u201d, azienda che attualmente gestisce il centro per minori. Nel prossimo bando di gara, spiega il Sindaco, \u201cpotremmo senz\u2019altro invitare le aziende partecipanti a inserire un supporto da questo punto di vista. Questo \u00e8 un atto che l\u2019amministrazione pu\u00f2 fare\u201d. Il centro diurno per minori, destinato ai bambini di area economicamente disagiata, potrebbe dunque divenire un ambiente capace di accogliere anche piccoli con bisogni di tipo educativo (ad esempio, la dislessia), ma non solo. Bisogna a questo punto attendere il prossimo bando per la gestione del centro e capire quali saranno i requisiti vincenti per le aziende partecipanti.<br \/><strong>L\u2019importante ruolo della scuola e l\u2019appello di Coppi.<\/strong> A riguardo, spiega sempre il dott. Coppi, \u201ccredo che si debba organizzare anche la scuola, perch\u00e9 penso che abbia qualche ritardo attorno a tutta questa problematica\u201d. A questo punto, il sindaco lancia l\u2019appello alle istituzioni scolastiche, \u201cperch\u00e9 la scuola pu\u00f2 e deve fare molto, perch\u00e9 ci sono dei finanziamenti a cui pu\u00f2 accedere specificatamente per le problematiche relative all\u2019apprendimento\u201d. In merito ai finanziamenti, Coppi parla in Consiglio di un progetto regionale denominato \u201cDiritti a Scuola\u201d, grazie al quale la Regione Puglia mette a disposizione degli enti scolastici \u201cdai 5 ai 6 milioni di euro\u201d. E spiega che \u201cla scuola di Turi non ne ha mai fatto richiesta\u201d. Da quanto viene riferito in sala consigliare, il progetto permetterebbe di incrementare il numero di insegnanti e personale ATA, e, da tre anni a questa parte, ha previsto anche il coinvolgimento di psicologi (120 ore), di mediatori culturali (60 ore) e di orientatori (60 ore). \u201cNoi come amministrazione cercheremo di fare la nostra parte, per\u00f2 l\u2019invito \u00e8 anche rivolto alla scuola, affinch\u00e9 si organizzi in progettualit\u00e0 che vadano in questo senso\u201d \u2013 conclude il primo cittadino.<\/p>\n<p style=\"text-align: justify;\">&nbsp;<\/p>\n<p style=\"text-align: center;\"><strong>Centro diurno per disabili: in arrivo i mobili<\/strong><br \/><strong><br \/><\/strong><\/p>\n<p style=\"text-align: justify;\"><strong>I ritardi nell\u2019avvio del centro diurno per disabili.<\/strong> Importanti novit\u00e0 ci giungono in merito al centro diurno per disabili, la cui apertura \u00e8 nelle mani dell\u2019Ambito Territoriale. I locali \u2013 secondo quanto riferisce il dott. Coppi durante il consiglio comunale dello scorso venerd\u00ec 20 novembre \u2013 sarebbero da tempo pronti. Consegnate all\u2019Ambito anche tutte le autorizzazioni tecniche di competenza del Comune di Turi. A mancare sarebbero invece alcuni \u201crequisiti funzionali\u201d che l\u2019Ambito Territoriale \u2013 sempre secondo la ricostruzione dei fatti operata dal Sindaco \u2013 non avrebbe ancora fornito. \u201cForse arriveranno in questi giorni\u201d, si augura. Eppure, nella stessa sede, apprendiamo che sarebbe stata gi\u00e0 conclusa una gara d\u2019appalto e una ditta starebbe aspettando da circa un anno di avviare i servizi previsti dal centro.<br \/><strong>Tra il 15 e il 20 dicembre arriveranno i mobili.<\/strong> Non brancola nel labirinto delle ipotesi la notizia dell\u2019arrivo dei mobili, prevista tra il 15 e il 20 dicembre. In base a quanto dichiarato dal Sindaco, la dirigente dell\u2019Ambito Territoriale che coordina questo aspetto avrebbe dato grandi rassicurazioni in merito. Se effettivamente i mobili dovessero arrivare, il Sindaco non esclude che il centro possa essere avviato nei primi giorni successivi: \u201cSi potrebbe fare l\u2019inaugurazione prima di Natale per poi partire con i servizi. Noi siamo prontissimi\u201d. <br \/><strong>La polemica della Volpicella.<\/strong> \u201cSorrido al fatto che il centro per disabili non sia ancora partito\u201d \u2013 con queste parole la consigliera di opposizione apre una piccola polemica, che va a toccare anche il centro diurno per minori: secondo la consigliera, il centro diurno fisicamente non esisterebbe ancora, dato che \u2013 pare \u2013 le attivit\u00e0 si svolgono attualmente presso il Centro Culturale del paese. Tra l\u2019altro, La Volpicella fa riferimento&nbsp; ad importanti finanziamenti destinati all\u2019apertura della struttura. Anche in questo caso, il Sindaco ribadisce che da parte del Comune sarebbe tutto pronto, tanto che vi sarebbero gi\u00e0 i mobili. Di nuovo, la questione fa capo all\u2019Ambito Territoriale. <br \/><strong>L\u2019Ambito Territoriale e il centro diurno per disabili.<\/strong> Anche in questo caso, il primo cittadino ci tiene a sottolineare la tendenza di alcuni Comuni, nel caso specifico del centro per disabili, a voler far partire il servizio solo quando tutti fossero stati pronti. Un\u2019eventualit\u00e0 che avrebbe comportato giganteschi ritardi, motivo per cui \u201cnoi ci siamo opposti, dato che eravamo gi\u00e0 pronti. Ci siamo battuti per evitarlo\u201d.<\/p>\n","protected":false},"excerpt":{"rendered":"<p><img loading=\"lazy\" decoding=\"async\" src=\"https:\/\/farm1.staticflickr.com\/685\/23309591581_bd2607269a_n.jpg\" alt=\"Il consigliere Birardi\" height=\"240\" width=\"320\" \/><\/p>\n","protected":false},"author":1,"featured_media":0,"comment_status":"open","ping_status":"closed","sticky":false,"template":"","format":"standard","meta":{"colormag_page_container_layout":"default_layout","colormag_page_sidebar_layout":"default_layout","footnotes":""},"categories":[4],"tags":[],"class_list":["post-13621","post","type-post","status-publish","format-standard","hentry","category-politica"],"_links":{"self":[{"href":"https:\/\/archivioturi.lavocedelpaese.info\/index.php\/wp-json\/wp\/v2\/posts\/13621","targetHints":{"allow":["GET"]}}],"collection":[{"href":"https:\/\/archivioturi.lavocedelpaese.info\/index.php\/wp-json\/wp\/v2\/posts"}],"about":[{"href":"https:\/\/archivioturi.lavocedelpaese.info\/index.php\/wp-json\/wp\/v2\/types\/post"}],"author":[{"embeddable":true,"href":"https:\/\/archivioturi.lavocedelpaese.info\/index.php\/wp-json\/wp\/v2\/users\/1"}],"replies":[{"embeddable":true,"href":"https:\/\/archivioturi.lavocedelpaese.info\/index.php\/wp-json\/wp\/v2\/comments?post=13621"}],"version-history":[{"count":0,"href":"https:\/\/archivioturi.lavocedelpaese.info\/index.php\/wp-json\/wp\/v2\/posts\/13621\/revisions"}],"wp:attachment":[{"href":"https:\/\/archivioturi.lavocedelpaese.info\/index.php\/wp-json\/wp\/v2\/media?parent=13621"}],"wp:term":[{"taxonomy":"category","embeddable":true,"href":"https:\/\/archivioturi.lavocedelpaese.info\/index.php\/wp-json\/wp\/v2\/categories?post=13621"},{"taxonomy":"post_tag","embeddable":true,"href":"https:\/\/archivioturi.lavocedelpaese.info\/index.php\/wp-json\/wp\/v2\/tags?post=13621"}],"curies":[{"name":"wp","href":"https:\/\/api.w.org\/{rel}","templated":true}]}}