{"id":1359,"date":"2010-01-29T20:52:37","date_gmt":"2010-01-29T20:52:37","guid":{"rendered":"https:\/\/archivioturi.lavocedelpaese.info\/index.php\/2010\/01\/29\/antonio-coppi-palese-fa-politica-seriamente\/"},"modified":"2010-01-29T20:52:37","modified_gmt":"2010-01-29T20:52:37","slug":"antonio-coppi-palese-fa-politica-seriamente","status":"publish","type":"post","link":"https:\/\/archivioturi.lavocedelpaese.info\/index.php\/2010\/01\/29\/antonio-coppi-palese-fa-politica-seriamente\/","title":{"rendered":"ANTONIO COPPI: PALESE FA POLITICA SERIAMENTE"},"content":{"rendered":"<p style=\"text-align: justify;\"><img loading=\"lazy\" decoding=\"async\" class=\" size-full wp-image-1358\" src=\"https:\/\/archivioturi.lavocedelpaese.info\/wp-content\/uploads\/2010\/01\/coppi.jpg\" alt=\"coppi\" height=\"150\" width=\"320\" srcset=\"https:\/\/archivioturi.lavocedelpaese.info\/wp-content\/uploads\/2010\/01\/coppi.jpg 640w, https:\/\/archivioturi.lavocedelpaese.info\/wp-content\/uploads\/2010\/01\/coppi-300x141.jpg 300w\" sizes=\"auto, (max-width: 320px) 100vw, 320px\" \/><\/p>\n<p style=\"text-align: justify;\"><span style=\"font-size: 10pt;\"><span style=\"font-family: verdana,geneva;\">\u00c8 Rocco Palese il candidato-Presidente per le prossime Regionali di fine marzo. Adesso \u00e8 ufficiale. Dopo tanta \u2018bagarre\u2019, \u00e8 intervenuto personalmente Silvio Berlusconi per mettere ordine tra i divieti e i veti incrociati che bloccavano di fatto l\u2019individuazione del candidato. La situazione ora vede in lizza tre pretendenti alla presidenza della Regione Puglia: Nichi Vendola, governatore uscente e candidato del centro-sinistra, Rocco Palese per il Pdl e, con ogni probabilit\u00e0, Adriana Poli Bortone sostenuta da IoSud e dall\u2019Udc. Si preannuncia una campagna elettorale impegnativa e importante. Di Rocco Palese (e non solo) abbiamo parlato con l\u2019ex senatore Antonio Coppi, componente del coordinamento regionale del Pdl.<\/span><\/span><\/p>\n<div style=\"text-align: justify;\"><\/div>\n<p style=\"text-align: justify;\"><span style=\"font-size: 10pt;\"><span style=\"font-family: verdana,geneva;\"><strong>Lei conosce bene Palese. Ce lo \u2018racconta\u2019 un attimo dal punto di vista politico?<\/strong><\/span><\/span><\/p>\n<div style=\"text-align: justify;\"><\/div>\n<p style=\"text-align: justify;\"><span style=\"font-size: 10pt;\"><span style=\"font-family: verdana,geneva;\">\u201c\u00c8 un politico che fa politica seriamente. Onnipresente sulla scena politica meridionale, conosce tutte le problematiche e le ricorda bene. Secondo i sondaggi che abbiamo noi del Pdl, ieri Palese era, rispetto a Vendola, sotto di 3 punti percentuale; oggi \u00e8 gi\u00e0 alla pari. Palese, per la sua storia politica, ha le carte in regola per farcela. Non dimenticare che lo stesso Vendola lo ha elogiato spesso e volentieri.\u201d<\/span><\/span><\/p>\n<div style=\"text-align: justify;\"><\/div>\n<p style=\"text-align: justify;\"><span style=\"font-size: 10pt;\"><span style=\"font-family: verdana,geneva;\"><strong>Senatore, non c\u2019era nessun altro meglio di Palese?<\/strong><\/span><\/span><\/p>\n<div style=\"text-align: justify;\"><\/div>\n<p style=\"text-align: justify;\"><span style=\"font-size: 10pt;\"><span style=\"font-family: verdana,geneva;\">\u201cMi avrebbe fatto piacere vedere la Poli Bortone insieme a noi ma lei appartiene ad un altro rango sul piano politico, ha fondato \u201cIoSud\u201d, non ha voluto nemmeno fare un passo indietro e\u2026 non ci sono pi\u00f9 speranze. Berlusconi ha tentato un\u2019ultima volta e ha lasciato perdere.\u201d<\/span><\/span><\/p>\n<div style=\"text-align: justify;\"><\/div>\n<p style=\"text-align: justify;\"><span style=\"font-size: 10pt;\"><span style=\"font-family: verdana,geneva;\"><strong>Quanti voti toglier\u00e0 al Pdl la Poli Bortone?<\/strong><\/span><\/span><\/p>\n<div style=\"text-align: justify;\"><\/div>\n<p style=\"text-align: justify;\"><span style=\"font-size: 10pt;\"><span style=\"font-family: verdana,geneva;\">&#8220;A Turi gi\u00e0 si prender\u00e0 i voti di De novellis che sono voti in quota Pdl. In compenso toglier\u00e0 parecchi voti agli uomini del Pd che non vedono di buon occhio Vendola. Alcuni di questi voti potrebbero arrivare anche a noi. Il Pdl prender\u00e0 nel nostro paese una maggioranza schiacciante. In Puglia prevedo 40% per Vendola e per Palese, 20% per la Poli Bortone\u201d.<\/span><\/span><\/p>\n<div style=\"text-align: justify;\"><\/div>\n<p style=\"text-align: justify;\"><span style=\"font-size: 10pt;\"><span style=\"font-family: verdana,geneva;\"><strong>Qualcuno azzarda Denovellis candidato alle regionali in \u201cIoSud\u201d.<\/strong><\/span><\/span><\/p>\n<div style=\"text-align: justify;\"><\/div>\n<p style=\"text-align: justify;\"><span style=\"font-size: 10pt;\"><span style=\"font-family: verdana,geneva;\">&#8220;Potrebbe essere, dato che lei ha bisogno di numeri.&#8221;<\/span><\/span><\/p>\n<p><span style=\"font-size: 10pt;\"><span style=\"font-family: verdana,geneva;\"><strong>Boccardi ce la fa?<\/strong><\/span><\/span><\/p>\n<p><span style=\"font-size: 10pt;\"><span style=\"font-family: verdana,geneva;\">&#8220;\u00c8 un bravo ragazzo, sta lavorando bene. Ce la fa.&#8221;<\/span><\/span><\/p>\n<p><span style=\"font-size: 10pt;\"><span style=\"font-family: verdana,geneva;\"><strong>Un po\u2019 di timore per questo ciclone Vendola?<\/strong><\/span><\/span><\/p>\n<p><span style=\"font-size: 10pt;\"><span style=\"font-family: verdana,geneva;\">&#8220;Attenzione, quante volte l\u2019attuale governatore andr\u00e0 in televisione, tanti voti in pi\u00f9 prender\u00e0. Vendola ha un grande carisma, bisogna ammetterlo questo. Parla bene e, quando parla, lo fa al cuore della gente.&#8221;<\/span><\/span><\/p>\n","protected":false},"excerpt":{"rendered":"<p style=\"text-align: justify;\"><img loading=\"lazy\" decoding=\"async\" class=\" size-full wp-image-1358\" src=\"https:\/\/archivioturi.lavocedelpaese.info\/wp-content\/uploads\/2010\/01\/coppi.jpg\" alt=\"coppi\" height=\"150\" width=\"320\" srcset=\"https:\/\/archivioturi.lavocedelpaese.info\/wp-content\/uploads\/2010\/01\/coppi.jpg 640w, https:\/\/archivioturi.lavocedelpaese.info\/wp-content\/uploads\/2010\/01\/coppi-300x141.jpg 300w\" sizes=\"auto, (max-width: 320px) 100vw, 320px\" \/><\/p>\n","protected":false},"author":1,"featured_media":1358,"comment_status":"open","ping_status":"closed","sticky":false,"template":"","format":"standard","meta":{"colormag_page_container_layout":"default_layout","colormag_page_sidebar_layout":"default_layout","footnotes":""},"categories":[4],"tags":[],"class_list":["post-1359","post","type-post","status-publish","format-standard","has-post-thumbnail","hentry","category-politica"],"_links":{"self":[{"href":"https:\/\/archivioturi.lavocedelpaese.info\/index.php\/wp-json\/wp\/v2\/posts\/1359","targetHints":{"allow":["GET"]}}],"collection":[{"href":"https:\/\/archivioturi.lavocedelpaese.info\/index.php\/wp-json\/wp\/v2\/posts"}],"about":[{"href":"https:\/\/archivioturi.lavocedelpaese.info\/index.php\/wp-json\/wp\/v2\/types\/post"}],"author":[{"embeddable":true,"href":"https:\/\/archivioturi.lavocedelpaese.info\/index.php\/wp-json\/wp\/v2\/users\/1"}],"replies":[{"embeddable":true,"href":"https:\/\/archivioturi.lavocedelpaese.info\/index.php\/wp-json\/wp\/v2\/comments?post=1359"}],"version-history":[{"count":0,"href":"https:\/\/archivioturi.lavocedelpaese.info\/index.php\/wp-json\/wp\/v2\/posts\/1359\/revisions"}],"wp:featuredmedia":[{"embeddable":true,"href":"https:\/\/archivioturi.lavocedelpaese.info\/index.php\/wp-json\/wp\/v2\/media\/1358"}],"wp:attachment":[{"href":"https:\/\/archivioturi.lavocedelpaese.info\/index.php\/wp-json\/wp\/v2\/media?parent=1359"}],"wp:term":[{"taxonomy":"category","embeddable":true,"href":"https:\/\/archivioturi.lavocedelpaese.info\/index.php\/wp-json\/wp\/v2\/categories?post=1359"},{"taxonomy":"post_tag","embeddable":true,"href":"https:\/\/archivioturi.lavocedelpaese.info\/index.php\/wp-json\/wp\/v2\/tags?post=1359"}],"curies":[{"name":"wp","href":"https:\/\/api.w.org\/{rel}","templated":true}]}}