{"id":13569,"date":"2015-11-17T05:18:29","date_gmt":"2015-11-17T05:18:29","guid":{"rendered":"https:\/\/archivioturi.lavocedelpaese.info\/index.php\/2015\/11\/17\/verde-pubblico-allo-sfascio-antonello-palmisano-risponde\/"},"modified":"2015-11-17T05:18:29","modified_gmt":"2015-11-17T05:18:29","slug":"verde-pubblico-allo-sfascio-antonello-palmisano-risponde","status":"publish","type":"post","link":"https:\/\/archivioturi.lavocedelpaese.info\/index.php\/2015\/11\/17\/verde-pubblico-allo-sfascio-antonello-palmisano-risponde\/","title":{"rendered":"Verde pubblico allo sfascio? Antonello Palmisano risponde"},"content":{"rendered":"<p><img loading=\"lazy\" decoding=\"async\" src=\"https:\/\/farm4.staticflickr.com\/3866\/14317132678_f42f3f39ac_n.jpg\" alt=\"Antonello Palmisano\" height=\"212\" width=\"320\" \/><\/p>\n<p style=\"text-align: justify;\">Cosa accade al verde pubblico? Dopo numerose lamentele per quella che sembra essere una situazione di trascuratezza e abbandono, abbiamo contattato il consigliere delegato Antonello Palmisano, per avere maggiori ragguagli sulla mancata manutenzione del verde pubblico a cui abbiamo assistito nell\u2019ultimo periodo.<br \/>Il consigliere conferma la condizione di trascuratezza di molte aree del paese ed aggiunge che &#8220;proprio in questi giorni ci siamo sentiti con la ditta, che ha avuto un po\u2019 di problemi e ritardi dovuti al maltempo. Si metteranno a lavoro gi\u00e0 da domani (gioved\u00ec 12 novembre ndr) e ricominceranno prima a falciare l\u2019erba in tutte le piazze e aree del verde pubblico e poi si inizier\u00e0 con la potatura. Chiedo venia e scusa per la situazione attuale. Spero che i prossimi interventi mi facciano perdonare\u201d.<br \/>I rumors ci riferiscono anche di uno scontro tra lo stesso Palmisano e Camposeo, assessore ai lavori pubblici. Sembrerebbe che quest\u2019ultimo abbia lamentato il fatto che alcuni lavori in villa venissero svolti di sabato mattina. Palmisano liquida la faccenda come un \u201csemplice scambio di vedute\u201d, addossandosi tutta la responsabilit\u00e0 dei lavori in villa. \u201cPer\u00f2 \u2013 precisa \u2013 fino a gioved\u00ec \u00e8 piovuto, il venerd\u00ec c\u2019\u00e8 stato il mercato, quindi solo di sabato si \u00e8 potuto procede\u201d.<\/p>\n","protected":false},"excerpt":{"rendered":"<p><img loading=\"lazy\" decoding=\"async\" src=\"https:\/\/farm4.staticflickr.com\/3866\/14317132678_f42f3f39ac_n.jpg\" alt=\"Antonello Palmisano\" height=\"212\" width=\"320\" \/><\/p>\n","protected":false},"author":1,"featured_media":0,"comment_status":"open","ping_status":"closed","sticky":false,"template":"","format":"standard","meta":{"colormag_page_container_layout":"default_layout","colormag_page_sidebar_layout":"default_layout","footnotes":""},"categories":[4],"tags":[],"class_list":["post-13569","post","type-post","status-publish","format-standard","hentry","category-politica"],"_links":{"self":[{"href":"https:\/\/archivioturi.lavocedelpaese.info\/index.php\/wp-json\/wp\/v2\/posts\/13569","targetHints":{"allow":["GET"]}}],"collection":[{"href":"https:\/\/archivioturi.lavocedelpaese.info\/index.php\/wp-json\/wp\/v2\/posts"}],"about":[{"href":"https:\/\/archivioturi.lavocedelpaese.info\/index.php\/wp-json\/wp\/v2\/types\/post"}],"author":[{"embeddable":true,"href":"https:\/\/archivioturi.lavocedelpaese.info\/index.php\/wp-json\/wp\/v2\/users\/1"}],"replies":[{"embeddable":true,"href":"https:\/\/archivioturi.lavocedelpaese.info\/index.php\/wp-json\/wp\/v2\/comments?post=13569"}],"version-history":[{"count":0,"href":"https:\/\/archivioturi.lavocedelpaese.info\/index.php\/wp-json\/wp\/v2\/posts\/13569\/revisions"}],"wp:attachment":[{"href":"https:\/\/archivioturi.lavocedelpaese.info\/index.php\/wp-json\/wp\/v2\/media?parent=13569"}],"wp:term":[{"taxonomy":"category","embeddable":true,"href":"https:\/\/archivioturi.lavocedelpaese.info\/index.php\/wp-json\/wp\/v2\/categories?post=13569"},{"taxonomy":"post_tag","embeddable":true,"href":"https:\/\/archivioturi.lavocedelpaese.info\/index.php\/wp-json\/wp\/v2\/tags?post=13569"}],"curies":[{"name":"wp","href":"https:\/\/api.w.org\/{rel}","templated":true}]}}