{"id":1354,"date":"2010-01-29T15:42:37","date_gmt":"2010-01-29T15:42:37","guid":{"rendered":"https:\/\/archivioturi.lavocedelpaese.info\/index.php\/2010\/01\/29\/il-31-gennaio-donazione-del-plasma\/"},"modified":"2010-01-29T15:42:37","modified_gmt":"2010-01-29T15:42:37","slug":"il-31-gennaio-donazione-del-plasma","status":"publish","type":"post","link":"https:\/\/archivioturi.lavocedelpaese.info\/index.php\/2010\/01\/29\/il-31-gennaio-donazione-del-plasma\/","title":{"rendered":"IL 31 GENNAIO DONAZIONE DEL PLASMA"},"content":{"rendered":"<p style=\"text-align: justify;\"><img loading=\"lazy\" decoding=\"async\" class=\" size-full wp-image-1353\" alt=\"fidas\" src=\"https:\/\/archivioturi.lavocedelpaese.info\/wp-content\/uploads\/2010\/01\/fidas.jpg\" height=\"150\" width=\"320\" srcset=\"https:\/\/archivioturi.lavocedelpaese.info\/wp-content\/uploads\/2010\/01\/fidas.jpg 640w, https:\/\/archivioturi.lavocedelpaese.info\/wp-content\/uploads\/2010\/01\/fidas-300x141.jpg 300w\" sizes=\"auto, (max-width: 320px) 100vw, 320px\" \/><\/p>\n<p style=\"text-align: justify;\"><span style=\"font-size: 10pt;\"><span style=\"font-family: verdana,geneva;\">Inizia il nuovo anno, ma le esigenze quotidiane sono sempre le stesse. Su queste necessit\u00e0 si muove la Fidas Turi, che domenica 31 gennaio accoglier\u00e0 quanti vorranno e potranno fare la prima <strong>donazione a Turi del plasma<\/strong>.<\/span><\/span><\/p>\n<div style=\"text-align: justify;\"><\/div>\n<p style=\"text-align: justify;\"><span style=\"font-size: 10pt;\"><span style=\"font-family: verdana,geneva;\">Le giornate delle donazioni si aprono con una richiesta continua ed in aumento di plasma da parte degli ospedali e tutti sono invitati a fare un gesto di solidariet\u00e0 gratuito e vitale per il proprio vicino. \u00c8 questa la richiesta della presidente della Fidas-Turi, <strong>Enza Mercieri<\/strong>, la quale ha espresso tutta la necessit\u00e0 di questo importante atto.<\/span><\/span><\/p>\n<div style=\"text-align: justify;\"><\/div>\n<p style=\"text-align: justify;\"><span style=\"font-size: 10pt;\"><span style=\"font-family: verdana,geneva;\">Ha continuato informando che <strong>le normali donazioni del sangue, riprenderanno \u201cdomenica 14 febbraio<\/strong>, ma ora la richiesta \u00e8 elevata e per questo \u00e8 fondamentale che ci sia un gran numero di persone che rispondano. Verranno installate quattro postazioni per le operazioni e speriamo di dimostrare che anche noi turesi siamo vicini ai bisogni della societ\u00e0\u201d.<\/span><\/span><\/p>\n<div style=\"text-align: justify;\"><\/div>\n<p style=\"text-align: justify;\"><span style=\"font-size: 10pt;\"><span style=\"font-family: verdana,geneva;\">La <strong>plasmaferesi<\/strong> \u00e8 un tipo di donazione in cui si sottrae al donatore la sola parte liquida del sangue (plasma) restituendogli contemporaneamente la parte cellulare (globuli rossi, globuli bianchi e piastrine). Il plasma a sua volta \u00e8 costituito per oltre il 90% di acqua e per il 10% circa da albumina, globuline ed altre proteine essenziali per la coagulazione e le difese organiche. La donazione di plasma quindi sottrae all\u2019organismo prevalentemente liquidi (prontamente sostituiti) e una piccola porzione di proteine, la cui perdita viene neutralizzata nel giro di poche ore o di qualche giorno.<\/span><\/span><\/p>\n<div style=\"text-align: justify;\"><\/div>\n<p style=\"text-align: justify;\"><span style=\"font-size: 10pt;\"><span style=\"font-family: verdana,geneva;\">La plasmaferesi viene effettuata con degli apparecchi detti <strong>separatori cellulari<\/strong>. Infatti il sangue prelevato ai donatori viene separato da questi apparecchi in modo che il plasma venga raccolto in una sacca e le altre componenti del sangue (globuli rossi, globuli bianchi e piastrine) siano restituite al donatore. La seduta di plasmaferesi \u00e8 formata da una serie di prelevamenti, separazioni e reinfusioni di componenti ematici, tutto effettuato in sterilit\u00e0 garantendo cos\u00ec la massima sicurezza per il donatore e per chi riceve il plasma donato. Alla fine di ogni seduta viene generalmente reinfusa al donatore una quantit\u00e0 di soluzione fisiologica pari a quella di plasma donato, rimpiazzando cos\u00ec immediatamente i liquidi perduti con la donazione.<\/span><\/span><\/p>\n<div style=\"text-align: justify;\"><\/div>\n<p style=\"text-align: justify;\"><span style=\"font-size: 10pt;\"><span style=\"font-family: verdana,geneva;\">Dato lo scarso rilievo della donazione di plasma sull\u2019organismo dei donatori, la legge prevede intervalli tra due donazioni pi\u00f9 ristretti che nella donazione di sangue:<\/span><\/span><\/p>\n<div style=\"text-align: justify;\"><\/div>\n<p style=\"text-align: justify;\"><span style=\"font-size: 10pt;\"><span style=\"font-family: verdana,geneva;\">14 giorni tra due donazioni di plasma;<\/span><\/span><\/p>\n<div style=\"text-align: justify;\"><\/div>\n<p style=\"text-align: justify;\"><span style=\"font-size: 10pt;\"><span style=\"font-family: verdana,geneva;\">14 giorni tra una donazione di plasma ed una successiva donazione di sangue;<\/span><\/span><\/p>\n<div style=\"text-align: justify;\"><\/div>\n<p style=\"text-align: justify;\"><span style=\"font-size: 10pt;\"><span style=\"font-family: verdana,geneva;\">1 mese tra una donazione di sangue ed una successiva donazione di plasma.<\/span><\/span><\/p>\n","protected":false},"excerpt":{"rendered":"<p style=\"text-align: justify;\"><img loading=\"lazy\" decoding=\"async\" class=\" size-full wp-image-1353\" alt=\"fidas\" src=\"https:\/\/archivioturi.lavocedelpaese.info\/wp-content\/uploads\/2010\/01\/fidas.jpg\" height=\"150\" width=\"320\" srcset=\"https:\/\/archivioturi.lavocedelpaese.info\/wp-content\/uploads\/2010\/01\/fidas.jpg 640w, https:\/\/archivioturi.lavocedelpaese.info\/wp-content\/uploads\/2010\/01\/fidas-300x141.jpg 300w\" sizes=\"auto, (max-width: 320px) 100vw, 320px\" \/><\/p>\n","protected":false},"author":1,"featured_media":1353,"comment_status":"open","ping_status":"closed","sticky":false,"template":"","format":"standard","meta":{"colormag_page_container_layout":"default_layout","colormag_page_sidebar_layout":"default_layout","footnotes":""},"categories":[7],"tags":[],"class_list":["post-1354","post","type-post","status-publish","format-standard","has-post-thumbnail","hentry","category-attualita"],"_links":{"self":[{"href":"https:\/\/archivioturi.lavocedelpaese.info\/index.php\/wp-json\/wp\/v2\/posts\/1354","targetHints":{"allow":["GET"]}}],"collection":[{"href":"https:\/\/archivioturi.lavocedelpaese.info\/index.php\/wp-json\/wp\/v2\/posts"}],"about":[{"href":"https:\/\/archivioturi.lavocedelpaese.info\/index.php\/wp-json\/wp\/v2\/types\/post"}],"author":[{"embeddable":true,"href":"https:\/\/archivioturi.lavocedelpaese.info\/index.php\/wp-json\/wp\/v2\/users\/1"}],"replies":[{"embeddable":true,"href":"https:\/\/archivioturi.lavocedelpaese.info\/index.php\/wp-json\/wp\/v2\/comments?post=1354"}],"version-history":[{"count":0,"href":"https:\/\/archivioturi.lavocedelpaese.info\/index.php\/wp-json\/wp\/v2\/posts\/1354\/revisions"}],"wp:featuredmedia":[{"embeddable":true,"href":"https:\/\/archivioturi.lavocedelpaese.info\/index.php\/wp-json\/wp\/v2\/media\/1353"}],"wp:attachment":[{"href":"https:\/\/archivioturi.lavocedelpaese.info\/index.php\/wp-json\/wp\/v2\/media?parent=1354"}],"wp:term":[{"taxonomy":"category","embeddable":true,"href":"https:\/\/archivioturi.lavocedelpaese.info\/index.php\/wp-json\/wp\/v2\/categories?post=1354"},{"taxonomy":"post_tag","embeddable":true,"href":"https:\/\/archivioturi.lavocedelpaese.info\/index.php\/wp-json\/wp\/v2\/tags?post=1354"}],"curies":[{"name":"wp","href":"https:\/\/api.w.org\/{rel}","templated":true}]}}