{"id":13521,"date":"2015-10-25T14:47:13","date_gmt":"2015-10-25T14:47:13","guid":{"rendered":"https:\/\/archivioturi.lavocedelpaese.info\/index.php\/2015\/10\/25\/un-cantiere-senza-fine\/"},"modified":"2015-10-25T14:47:13","modified_gmt":"2015-10-25T14:47:13","slug":"un-cantiere-senza-fine","status":"publish","type":"post","link":"https:\/\/archivioturi.lavocedelpaese.info\/index.php\/2015\/10\/25\/un-cantiere-senza-fine\/","title":{"rendered":"Un cantiere senza fine&#8230;."},"content":{"rendered":"<p><img loading=\"lazy\" decoding=\"async\" src=\"https:\/\/farm6.staticflickr.com\/5651\/21813907514_e0321750d5_n.jpg\" alt=\"lavori via Conversano Turi\" height=\"240\" width=\"320\" \/><\/p>\n<p style=\"text-align: justify;\">Quando trascorrono settimane e poi mesi senza che un problema si risolva, appare scontata l&#8217;esasperazione di chi \u00e8 costretto, impotente, a doversi sobbarcare le difficolt\u00e0 di quel problema, senza neppure vedersi tendere una mano in soccorso.<br \/>\u00c8 un&#8217;agonia, per molti; scatena indignazione e sconcerto. Induce ipotesi e dubbi. Riceve disapprovazione e inquietudine.<br \/>\u00c8 il caso del grande cantiere di via Conversano, divenuto famoso per le difficolt\u00e0 che quotidianamente procuraa chi \u00e8 costretto ad affrontare quel percorso di strada pi\u00f9 e pi\u00f9 volte e che sembra non avere mai una fine. <br \/>Tra coloro che vivono il problema ogni giorno, c&#8217;\u00e8 una nostra lettrice che ci scrive: &#8220;quella di via Conversano \u00e8 una situazione che crea un enorme disagio e lavorando a Conversano, percorro la strada ben 4 volte al giorno&#8221;. &#8220;Per me \u00e8 un sofferenza anche economica, a causa del fatto che la deviazione da percorrere \u00e8 lunga 1 km anzich\u00e9 i 500 metri che normalmente dovrei affrontare per superare la zona\u201d. \u201cInoltre \u2013 aggiunge &#8211; abbiamo assistito tante volte alle difficolt\u00e0 del mezzo del 118 bloccato perch\u00e8 sopraggiungeva un camion. Credo che il tutto non sia normale\u201d.<br \/>Parole, quelle della nostra lettrice, che si uniscono allo sdegno e all&#8217;insofferenza di tantissimi altri viaggiatori, ormai esausti di attendere dei lavori interrotti e che sembrano non riprendere mai.<br \/>\u201cPerch\u00e8 non riaprire il breve tratto di strada nell&#8217;attesa di risolvere il problema burocratico?\u201d &#8211; avanza un altro turese, contestando prorpio la presenza dei mezzi nella zona prima impeigata dalle auto per percorrere la via.<br \/>Ci auguriamo che presto la situazione si sblocchi e che presto si possa tornare a circolare, liveramente, nel tratto Turi \u2013 Conversano.<\/p>\n","protected":false},"excerpt":{"rendered":"<p><img loading=\"lazy\" decoding=\"async\" src=\"https:\/\/farm6.staticflickr.com\/5651\/21813907514_e0321750d5_n.jpg\" alt=\"lavori via Conversano Turi\" height=\"240\" width=\"320\" \/><\/p>\n","protected":false},"author":1,"featured_media":0,"comment_status":"open","ping_status":"closed","sticky":false,"template":"","format":"standard","meta":{"colormag_page_container_layout":"default_layout","colormag_page_sidebar_layout":"default_layout","footnotes":""},"categories":[7],"tags":[],"class_list":["post-13521","post","type-post","status-publish","format-standard","hentry","category-attualita"],"_links":{"self":[{"href":"https:\/\/archivioturi.lavocedelpaese.info\/index.php\/wp-json\/wp\/v2\/posts\/13521","targetHints":{"allow":["GET"]}}],"collection":[{"href":"https:\/\/archivioturi.lavocedelpaese.info\/index.php\/wp-json\/wp\/v2\/posts"}],"about":[{"href":"https:\/\/archivioturi.lavocedelpaese.info\/index.php\/wp-json\/wp\/v2\/types\/post"}],"author":[{"embeddable":true,"href":"https:\/\/archivioturi.lavocedelpaese.info\/index.php\/wp-json\/wp\/v2\/users\/1"}],"replies":[{"embeddable":true,"href":"https:\/\/archivioturi.lavocedelpaese.info\/index.php\/wp-json\/wp\/v2\/comments?post=13521"}],"version-history":[{"count":0,"href":"https:\/\/archivioturi.lavocedelpaese.info\/index.php\/wp-json\/wp\/v2\/posts\/13521\/revisions"}],"wp:attachment":[{"href":"https:\/\/archivioturi.lavocedelpaese.info\/index.php\/wp-json\/wp\/v2\/media?parent=13521"}],"wp:term":[{"taxonomy":"category","embeddable":true,"href":"https:\/\/archivioturi.lavocedelpaese.info\/index.php\/wp-json\/wp\/v2\/categories?post=13521"},{"taxonomy":"post_tag","embeddable":true,"href":"https:\/\/archivioturi.lavocedelpaese.info\/index.php\/wp-json\/wp\/v2\/tags?post=13521"}],"curies":[{"name":"wp","href":"https:\/\/api.w.org\/{rel}","templated":true}]}}