{"id":13520,"date":"2015-10-26T10:40:47","date_gmt":"2015-10-26T10:40:47","guid":{"rendered":"https:\/\/archivioturi.lavocedelpaese.info\/index.php\/2015\/10\/26\/malattie-respiratorie-si-parla-di-prevenzione\/"},"modified":"2015-10-26T10:40:47","modified_gmt":"2015-10-26T10:40:47","slug":"malattie-respiratorie-si-parla-di-prevenzione","status":"publish","type":"post","link":"https:\/\/archivioturi.lavocedelpaese.info\/index.php\/2015\/10\/26\/malattie-respiratorie-si-parla-di-prevenzione\/","title":{"rendered":"Malattie respiratorie: si parla di prevenzione"},"content":{"rendered":"<p><img loading=\"lazy\" decoding=\"async\" src=\"https:\/\/farm1.staticflickr.com\/686\/22447451191_41fc93af15_n.jpg\" alt=\"Il Dott. Castellana, il Sindaco Coppi e la Dott.ssa Zaccheo\" height=\"240\" width=\"320\" \/><\/p>\n<p style=\"text-align: justify;\">Avrebbe meritato una pi\u00f9 ampia partecipazione la prima serata dedicata agli &#8220;Incontri di medicina preventiva&#8221;, organizzati dal consigliere delegato, dott.ssa Gaetana Zaccheo presso la Biblioteca Comunale.<br \/>Poche persone ad ascoltare e fare tesoro delle parole del Dottor Giuseppe Castellana, Pneumologo presso il Poliambulatorio Specialistico Distrettuale di Conversano.<br \/>Nell&#8217;ambito del progetto &#8220;Obiettivo salute 2015&#8221;, sabato 17 settembre si \u00e8 svolta la prima di tre serate dedicate alla prevenzione a cui, purtroppo, il paese ne \u00e8 rimasto indifferente. Ma i numeri e i casi delle vittime per malattie respiratorie non sono affatto irrisori,<br \/>&#8220;All&#8217;anno \u2013 ha aperto la consigliera Zaccheo &#8211; si contano 35 mila vittime, che salgono a 70mila se si considerano anche i tumori e a 95mila vittime se si uniscono le allergie&#8221;. Numeri che fanno riflettere. Cifre che necessitano di attenzione e di appelli alla prevenzione affinch\u00e8 non aumentino in maniera esponenziale. Ma ogni parola e ogni messaggio rivolto alla prevenzione resta vano se non ci sono persone ad ascoltarlo e recepirlo. &#8220;Ringrazio il dottor <img loading=\"lazy\" decoding=\"async\" style=\"margin-top: 10px; margin-bottom: 10px; margin-left: 10px; float: right;\" src=\"https:\/\/farm6.staticflickr.com\/5799\/22423341322_79d3832b2a_n.jpg\" alt=\"Avvio dell'incontro sulle Malattie Respiratorie\" height=\"240\" width=\"320\" \/>Castellana, che ha voluto metere a nostra disposizione la sua professionalit\u00e0 in maniera gratuita&#8221; \u2013 ha quindi poi aggiunto il sindaco, Menino Coppi, sottolinenando come effettivamente le malattie respiratorie, tra le prime cause di mortalit\u00e0, hanno avuto nel corso degli anni grandi attenzioni. &#8220;Forse in Italia, una delle poche leggi che ha veramente funzionato \u00e8 quella sul fumo&#8221;.<br \/>Ha cos\u00ec lasciato la parola al dottor Castellana, che con l&#8217;ausilio di slide ha accompagnato i presenti in un approfondimento sulle tipologie di malattie respiratorie e sulle pissibilit\u00e0 di prevenzione, perch\u00e8 &#8220;tutte \u2013 ha pi\u00f9 volte ribadito nel corso della serata \u2013 sono dovute al fumo di sigaretta. Liberarsi dal fumo previene dalle malattie respiratorie&#8221;. Siano queste asma; fibrosi; BPCO; Tubercolosi; tumore \u2013 prima causa di morte negli uomini e seconda nelle donne &#8211; e sindrome dell&#8217;Apnea Notturna.<br \/>&#8220;Le patologie polmonari croniche ostruttive ed i tumori, i due ambiti di patologia a maggior prevalenza e a pi\u00f9 elevato carico di inabilit\u00e0, si caratterizzano per scarse possibilit\u00e0 di cura in senso eziologico e vedono nella prevenzione l\u2019intervento di maggior efficacia.<br \/>Il tabagismo \u00e8 all\u2019origine di oltre l\u201985% delle neoplasie polmonari ed \u00e8 ritenuto la principale causa di una grave invalidante malattia cronica come la Broncopatia Cronica Ostruttiva (BPCO, BCO, COPD). La prevenibilit\u00e0 e la controllabilit\u00e0 dei fattori di rischio legati al tabagismo e alla qualit\u00e0 dell\u2019aria rende ragione della loro importanza nella scelta degli interventi per la salute. La presenza di allergeni e di microrganismi patogeni nell\u2019ambiente rappresenta un altro polo causale delle pneumopatie. Ritardare la progressione dell\u2019invalidit\u00e0 respiratoria \u00e8 possibile mediante un intervento fondato su interventi educazionali, di monitoraggio, diagnostici, terapeutici e riabilitativi.<br \/>Le azioni di prevenzione delle malattie respiratorie interessano quindi l\u2019eliminazione dei fattori di rischio in primo luogo fumo di tabacco ed inquinamento ambientale (domestico, atmosferico, lavorativo)&#8221;. <br \/>Sabato 24 ottobre si parler\u00e0 di &#8220;Inquinamento ambientale da radiazioni&#8221;, con il Dott. Sergio Albanese, dotore di Fisica, specialista in Fisica Medica.<br \/>Il 31 ottobre al centro dell&#8217;incontro sar\u00e0 &#8220;Alimentazione e Salute&#8221;, col dott. Nicola Tota, Dir. UOC Endocrinologia e Diabetologia dell&#8217;Ospedale Miulli di Acquaviva delle Fonti.<\/p>\n","protected":false},"excerpt":{"rendered":"<p><img loading=\"lazy\" decoding=\"async\" src=\"https:\/\/farm1.staticflickr.com\/686\/22447451191_41fc93af15_n.jpg\" alt=\"Il Dott. Castellana, il Sindaco Coppi e la Dott.ssa Zaccheo\" height=\"240\" width=\"320\" \/><\/p>\n","protected":false},"author":1,"featured_media":0,"comment_status":"open","ping_status":"closed","sticky":false,"template":"","format":"standard","meta":{"colormag_page_container_layout":"default_layout","colormag_page_sidebar_layout":"default_layout","footnotes":""},"categories":[7],"tags":[],"class_list":["post-13520","post","type-post","status-publish","format-standard","hentry","category-attualita"],"_links":{"self":[{"href":"https:\/\/archivioturi.lavocedelpaese.info\/index.php\/wp-json\/wp\/v2\/posts\/13520","targetHints":{"allow":["GET"]}}],"collection":[{"href":"https:\/\/archivioturi.lavocedelpaese.info\/index.php\/wp-json\/wp\/v2\/posts"}],"about":[{"href":"https:\/\/archivioturi.lavocedelpaese.info\/index.php\/wp-json\/wp\/v2\/types\/post"}],"author":[{"embeddable":true,"href":"https:\/\/archivioturi.lavocedelpaese.info\/index.php\/wp-json\/wp\/v2\/users\/1"}],"replies":[{"embeddable":true,"href":"https:\/\/archivioturi.lavocedelpaese.info\/index.php\/wp-json\/wp\/v2\/comments?post=13520"}],"version-history":[{"count":0,"href":"https:\/\/archivioturi.lavocedelpaese.info\/index.php\/wp-json\/wp\/v2\/posts\/13520\/revisions"}],"wp:attachment":[{"href":"https:\/\/archivioturi.lavocedelpaese.info\/index.php\/wp-json\/wp\/v2\/media?parent=13520"}],"wp:term":[{"taxonomy":"category","embeddable":true,"href":"https:\/\/archivioturi.lavocedelpaese.info\/index.php\/wp-json\/wp\/v2\/categories?post=13520"},{"taxonomy":"post_tag","embeddable":true,"href":"https:\/\/archivioturi.lavocedelpaese.info\/index.php\/wp-json\/wp\/v2\/tags?post=13520"}],"curies":[{"name":"wp","href":"https:\/\/api.w.org\/{rel}","templated":true}]}}