{"id":13519,"date":"2015-10-26T08:39:15","date_gmt":"2015-10-26T08:39:15","guid":{"rendered":"https:\/\/archivioturi.lavocedelpaese.info\/index.php\/2015\/10\/26\/poliambulatorio-sempre-peggio\/"},"modified":"2015-10-26T08:39:15","modified_gmt":"2015-10-26T08:39:15","slug":"poliambulatorio-sempre-peggio","status":"publish","type":"post","link":"https:\/\/archivioturi.lavocedelpaese.info\/index.php\/2015\/10\/26\/poliambulatorio-sempre-peggio\/","title":{"rendered":"Poliambulatorio: sempre peggio&#8230;"},"content":{"rendered":"<p><img loading=\"lazy\" decoding=\"async\" src=\"https:\/\/farm6.staticflickr.com\/5828\/22410459736_7c35e3bb69_n.jpg\" alt=\"asl\" height=\"155\" width=\"320\" \/><\/p>\n<p style=\"text-align: justify;\">Era il mese di luglio quando il Direttore Generale Asl, Vito Montanaro, in sala Consiliare, incontr\u00f2 sindaco e cittadinanza turese (poche presenze), per esprimere la massima attenzione nei confronti delle problematiche sanitarie del paese.<br \/>Tante, nell&#8217;occasione, le polemiche avanzate dalla collettivit\u00e0 nei confronti di carenze che penalizzano i cittadini turesi, costretti a doversi spostare in comuni limitrofi per trovare un&#8217;assistenza sanitaria degna di essere definita tale.<br \/>Un pediatra per 13mila abitanti; qualche specialista nel Poliambulatorio, senza nemmeno un ecografo, un 118 impegnato a coprire le necessit\u00e0 dell&#8217;intero territorio e attese infinite per prenotazioni o semplici richieste. \u00c8 questo il panorama, triste, della sanit\u00e0 turese, alla quale, dopo tante parole e promesse, non si \u00e8 arrivati ancora a scrivere la parola &#8220;finalmente!&#8221;.<br \/>Ci troviamo, piuttosto, a raccogliere l&#8217;indignazione di turesi che si vedono presi in giro da una mancanza di professionalit\u00e0 e di umanit\u00e0 che rasenta il ridicolo e che lascia stupiti sulla realt\u00e0 di quello che accade. <br \/>Solo una voce tra le tante ci racconta di luned\u00ec 19 ottobre quando &#8220;mi reco al Poliambulatorio alle 9,00 per eseguire una visita cardiologica prenotata per le ore 10.00&#8221; \u2013 inizia a raccontarci il nostro lettore. Tante le persone in attesa di eseguire la visita, &#8220;eravamo circa una ventina e qualcuno anche molto anziano&#8221; \u2013 prosegue. Dopo due ore ad aspettare di entrare nello studio e vedendo che nessuno, fino alle 11.00, era stato ancora visitato, &#8220;bussai ed entrai nella stanza del cardiologo&#8221; che licenzi\u00f2 il paziente con un &#8220;oggi non faccio visite perch\u00e8 mancano le infermiere&#8221;. <br \/>Possiamo ben immaginare la faccia stupita del signore che, nonostante una prenotazione, eseguita diversi giorni prima, nonostante aver aspettato per oltre due ore nella speranza che il medico visitasse i pazienti previsti per la giornata, questi devono rinunciarvi perch\u00e8 non vi \u00e8 un numero sufficiente di infermieri. &#8220;Chiesi allora di firmarmi la richiesta, poich\u00e8 sappiamo che se avessi fatto una seconda prenotazione, avrei pagato il tiket sanitario. Ma lo specialista non volle firmare!&#8221;.<br \/>Un caos all&#8217;interno del Poliambulatorio, con un personale ridotto all&#8217;osso ed incapace di risolvere le necessit\u00e0 quotidiane della cittadinanza, che inevitabilmente si ribella a questa mancanza di servizi che si protrae da troppo tempo.<br \/>&#8220;Mi recai, perci\u00f2 dai Carabinieri, che mi invitarono nuovamente a tornare all&#8217;ASL&#8221; \u2013 poich\u00e8 non si trattava di una loro competenza. Oramai superate le 12.00, i pazienti che avevano le prenotazioni hanno incontrato solo un &#8220;muro di gomma&#8221; sul quale scrivere la loro indignazione, costretti a tornare a casa senza aver potuto eseguire la visita medica specialistica.<br \/>&#8220;Perch\u00e8 era presente un solo infermiere in tutto il Poliambulatorio?&#8221; &#8211; grida indignato il turese. Perch\u00e8, ci domandiamo, prenotare delle visite quando, con una minima programmazione, si poteva risalire ad una carenza di personale prevista in quella data? E se la visita cardiologica avesse avuto carattere d&#8217;urgenza, il paziente \u00e8 costretto a rivolgersi al privato per poter avere una consulenza che il servizio sanitario nazionale dovrebbe garantirgli?<br \/>Chiaro lo sdegno del nostro concittadino nel raccontarci, ancora con stupore, l&#8217;inspiegabile assistenza avuta dal Poliambulatorio cittadino. Come altrettanto chiara la sua certezza: &#8220;non prenoter\u00f2 pi\u00f9 nulla a Turi. A questo punto \u00e8 meglio spostarsi&#8221;.<\/p>\n","protected":false},"excerpt":{"rendered":"<p><img loading=\"lazy\" decoding=\"async\" src=\"https:\/\/farm6.staticflickr.com\/5828\/22410459736_7c35e3bb69_n.jpg\" alt=\"asl\" height=\"155\" width=\"320\" \/><\/p>\n","protected":false},"author":1,"featured_media":0,"comment_status":"open","ping_status":"closed","sticky":false,"template":"","format":"standard","meta":{"colormag_page_container_layout":"default_layout","colormag_page_sidebar_layout":"default_layout","footnotes":""},"categories":[7],"tags":[],"class_list":["post-13519","post","type-post","status-publish","format-standard","hentry","category-attualita"],"_links":{"self":[{"href":"https:\/\/archivioturi.lavocedelpaese.info\/index.php\/wp-json\/wp\/v2\/posts\/13519","targetHints":{"allow":["GET"]}}],"collection":[{"href":"https:\/\/archivioturi.lavocedelpaese.info\/index.php\/wp-json\/wp\/v2\/posts"}],"about":[{"href":"https:\/\/archivioturi.lavocedelpaese.info\/index.php\/wp-json\/wp\/v2\/types\/post"}],"author":[{"embeddable":true,"href":"https:\/\/archivioturi.lavocedelpaese.info\/index.php\/wp-json\/wp\/v2\/users\/1"}],"replies":[{"embeddable":true,"href":"https:\/\/archivioturi.lavocedelpaese.info\/index.php\/wp-json\/wp\/v2\/comments?post=13519"}],"version-history":[{"count":0,"href":"https:\/\/archivioturi.lavocedelpaese.info\/index.php\/wp-json\/wp\/v2\/posts\/13519\/revisions"}],"wp:attachment":[{"href":"https:\/\/archivioturi.lavocedelpaese.info\/index.php\/wp-json\/wp\/v2\/media?parent=13519"}],"wp:term":[{"taxonomy":"category","embeddable":true,"href":"https:\/\/archivioturi.lavocedelpaese.info\/index.php\/wp-json\/wp\/v2\/categories?post=13519"},{"taxonomy":"post_tag","embeddable":true,"href":"https:\/\/archivioturi.lavocedelpaese.info\/index.php\/wp-json\/wp\/v2\/tags?post=13519"}],"curies":[{"name":"wp","href":"https:\/\/api.w.org\/{rel}","templated":true}]}}