{"id":13484,"date":"2015-10-12T16:29:20","date_gmt":"2015-10-12T16:29:20","guid":{"rendered":"https:\/\/archivioturi.lavocedelpaese.info\/index.php\/2015\/10\/12\/lavorare-al-comune-di-turi-no-graziescappo-via\/"},"modified":"2015-10-12T16:29:20","modified_gmt":"2015-10-12T16:29:20","slug":"lavorare-al-comune-di-turi-no-graziescappo-via","status":"publish","type":"post","link":"https:\/\/archivioturi.lavocedelpaese.info\/index.php\/2015\/10\/12\/lavorare-al-comune-di-turi-no-graziescappo-via\/","title":{"rendered":"Lavorare al Comune di Turi. No, grazie&#8230;scappo via!"},"content":{"rendered":"<p><img loading=\"lazy\" decoding=\"async\" src=\"https:\/\/farm1.staticflickr.com\/536\/19148364805_7f09c23013_n.jpg\" alt=\"Comune di Turi, Municipio bianco\" height=\"240\" width=\"320\" \/><\/p>\n<p style=\"text-align: justify;\">Il 30 settembre scorso il Comune di Turi si \u00e8 ritrovato nuovamente orfano del responsabile del settore economico \u2013 finanziario. La dott.ssa Leone, infatti, in servizio part-time da gennaio di quest\u2019anno, per 24 ore settimanali, ha deciso di non rinnovare la convenzione con l\u2019Ente turese. I motivi \u2013 da quanto si evince \u2013 sarebbero di natura personale.<br \/>La maledizione del responsabile economico-finanziario. Questa assenza, che ormai \u00e8 diventata per il Comune una sorta di maledizione a cui non riesce pi\u00f9 a sottrarsi, ha riportato in superficie un problema spesso sottaciuto, ma di fondamentale importanza per una corretta e sana amministrazione: quello della carenza numerica del personale comunale.<br \/>Ricorderemo come gli ultimi concorsi banditi dal Comune di Turi per reperire personale all\u2019interno della Citt\u00e0 Metropolitana siano andati deserti. Nello specifico, quelli per sopperire alla mancanza di figure quali un capo del settore economico &#8211; finanziario, un responsabile del settore contabile, due ingegneri, un impiegato, e due vigili. La stessa dott.ssa Leone \u2013 ci racconta il sindaco Coppi \u2013 pare sia risultata per ben due volte idonea a ricoprire il suo ruolo a tempo pieno e indeterminato al Comune di Turi, ma in entrambi i casi abbia rifiutato.<br \/>Il Sindaco Coppi dichiara: \u00abLa questione del personale ridotto o assente ci penalizza tantissimo. Questa non \u00e8 una giustificazione, ma la realt\u00e0 dei fatti. E sfido chiunque a pensare o dire il contrario\u00bb.<br \/>In effetti, amministrare senza un responsabile economico-finanziario non \u00e8 cosa da poco. Basti pensare ai ritardi che questo comporta per l\u2019approvazione di una determina o una delibera, che arriva in quell\u2019ufficio e l\u00ec si ferma per una settimana o due, se non addirittura per un mese. E se il part-time pu\u00f2 essere stata una soluzione fino ad oggi, non pu\u00f2 considerarsi una condizione perfettamente sana che possa consentire di lavorare in maniera serena e celere. \u00abPurtroppo questa \u00e8 la nostra vita quotidiana \u2013 confessa Coppi &#8211;&nbsp; e questo, come si pu\u00f2 ben capire, rallenta moltissimo la nostra azione\u201d.<br \/>La ricerca di soluzioni alternative. Dopo i bandi di mobilit\u00e0 a livello provinciale che, come gi\u00e0 detto, sono andati deserti, l\u2019Amministrazione Coppi sta valutando di prendere in considerazione un\u2019operazione permessa dalle nuove norme sulla pubblica amministrazione. \u00abSiamo andati a ricercare dei residui occupazionali degli anni passati che non sono stati utilizzati, per la precisione dal 2010 ad oggi, per poter bandire nuovi concorsi, magari su tutta la platea della pubblica amministrazione e non solo per i dipendenti della Citt\u00e0 Metropolitana. Ci stiamo lavorando\u00bb. <br \/>Un altro aspetto sui cui insiste il buon Menino \u00e8 il supporto che potrebbe garantire l\u2019Unione di Comuni che lentamente sta mettendo le radici sui territori coinvolti. \u00c8 previsto a breve un incontro del nostro Sindaco con quelli dei paesi promotori dell\u2019iniziativa per stabilire un nuovo incontro, che vedr\u00e0 la discussione del nuovo statuto con i rappresentanti sia delle maggioranze che delle opposizioni di ogni amministrazione comunale partecipante.<\/p>\n","protected":false},"excerpt":{"rendered":"<p><img loading=\"lazy\" decoding=\"async\" src=\"https:\/\/farm1.staticflickr.com\/536\/19148364805_7f09c23013_n.jpg\" alt=\"Comune di Turi, Municipio bianco\" height=\"240\" width=\"320\" \/><\/p>\n","protected":false},"author":1,"featured_media":0,"comment_status":"open","ping_status":"closed","sticky":false,"template":"","format":"standard","meta":{"colormag_page_container_layout":"default_layout","colormag_page_sidebar_layout":"default_layout","footnotes":""},"categories":[7],"tags":[],"class_list":["post-13484","post","type-post","status-publish","format-standard","hentry","category-attualita"],"_links":{"self":[{"href":"https:\/\/archivioturi.lavocedelpaese.info\/index.php\/wp-json\/wp\/v2\/posts\/13484","targetHints":{"allow":["GET"]}}],"collection":[{"href":"https:\/\/archivioturi.lavocedelpaese.info\/index.php\/wp-json\/wp\/v2\/posts"}],"about":[{"href":"https:\/\/archivioturi.lavocedelpaese.info\/index.php\/wp-json\/wp\/v2\/types\/post"}],"author":[{"embeddable":true,"href":"https:\/\/archivioturi.lavocedelpaese.info\/index.php\/wp-json\/wp\/v2\/users\/1"}],"replies":[{"embeddable":true,"href":"https:\/\/archivioturi.lavocedelpaese.info\/index.php\/wp-json\/wp\/v2\/comments?post=13484"}],"version-history":[{"count":0,"href":"https:\/\/archivioturi.lavocedelpaese.info\/index.php\/wp-json\/wp\/v2\/posts\/13484\/revisions"}],"wp:attachment":[{"href":"https:\/\/archivioturi.lavocedelpaese.info\/index.php\/wp-json\/wp\/v2\/media?parent=13484"}],"wp:term":[{"taxonomy":"category","embeddable":true,"href":"https:\/\/archivioturi.lavocedelpaese.info\/index.php\/wp-json\/wp\/v2\/categories?post=13484"},{"taxonomy":"post_tag","embeddable":true,"href":"https:\/\/archivioturi.lavocedelpaese.info\/index.php\/wp-json\/wp\/v2\/tags?post=13484"}],"curies":[{"name":"wp","href":"https:\/\/api.w.org\/{rel}","templated":true}]}}