{"id":13482,"date":"2015-10-12T09:47:37","date_gmt":"2015-10-12T09:47:37","guid":{"rendered":"https:\/\/archivioturi.lavocedelpaese.info\/index.php\/2015\/10\/12\/mensa-scolastica-firme-per-dire-no-alle-tariffe\/"},"modified":"2015-10-12T09:47:37","modified_gmt":"2015-10-12T09:47:37","slug":"mensa-scolastica-firme-per-dire-no-alle-tariffe","status":"publish","type":"post","link":"https:\/\/archivioturi.lavocedelpaese.info\/index.php\/2015\/10\/12\/mensa-scolastica-firme-per-dire-no-alle-tariffe\/","title":{"rendered":"Mensa scolastica: firme per dire no alle tariffe"},"content":{"rendered":"<p><img loading=\"lazy\" decoding=\"async\" src=\"https:\/\/farm6.staticflickr.com\/5629\/22095227432_af16a643ab_n.jpg\" alt=\"IMG_20151005_081720\" height=\"240\" width=\"320\" \/><\/p>\n<p><img loading=\"lazy\" decoding=\"async\" style=\"float: right;\" src=\"https:\/\/farm6.staticflickr.com\/5794\/22117824511_943b823ff0_n.jpg\" alt=\"IMG_20151005_081657\" height=\"320\" width=\"240\" \/><\/p>\n<p style=\"text-align: justify;\">Sono circa 300 le firme raccolte, sino ad ora, dal Circolo Territoriale di Fratelli d&#8217;Italia \u2013 Alleanza Nazionale &#8220;Giorgio Almirante&#8221; di Turi, nelle mattine da luned\u00ec 5 ottobre.<br \/>Un elenco che si preannuncia diventare pi\u00f9 numeroso ad ascolatre le voci di numerose famiglie che da luned\u00ec rinforzano le lamentele per un cos\u00ec inspiegabile aumento della tariffasizone del servizio di refezione scolastica.<br \/>Tre presidi, per i tre plessi della scuola dell&#8217;Infanzia di Turi, presi letteralmente d&#8217;assalto da mamme, padri e familiari che vogliono ribellarsi a questo aumento di costi rispetto allo scorso anno. &#8220;Avevo pensato di usufruire del servizio, ma quando ho letto le tariffe ho rinunciato&#8221; \u2013 \u00e8 l&#8217;espressione che sembra farsi eco davanti alla scuola turese, dove il circolo di Fratelli d&#8217;Italia sta raccogliendo le voci e le proposte dei pi\u00f9.<br \/>&#8220;Abbiamo intenzione di continuare sino a tutta la prossima settimana \u2013 ha aggiunto Sandro Laera raggiunto alla sua postazione \u2013 finendo con domenica, in villa&#8221;. &#8220;Almeno il 40% delle famiglie, ma credo andremo oltre, non far\u00e0 fruire i propri figli della refezione scolastica&#8221; \u2013 aggiunge il consigliere turese, impegnato nella raccolta delle firme di coloro che chiedono all&#8217;Amministrazione comunale di ridurre la quota di compartecipazione degli attuali euro 117.000, 00 ad euro 60.000,00. in questo modo si lascerebbe invariato il costo a carico delle casse comunali, pari a quello dell&#8217;anno 2014, di euro 140,000,00.<\/p>\n","protected":false},"excerpt":{"rendered":"<p><img loading=\"lazy\" decoding=\"async\" src=\"https:\/\/farm6.staticflickr.com\/5629\/22095227432_af16a643ab_n.jpg\" alt=\"IMG_20151005_081720\" height=\"240\" width=\"320\" \/><\/p>\n","protected":false},"author":1,"featured_media":0,"comment_status":"open","ping_status":"closed","sticky":false,"template":"","format":"standard","meta":{"colormag_page_container_layout":"default_layout","colormag_page_sidebar_layout":"default_layout","footnotes":""},"categories":[4],"tags":[],"class_list":["post-13482","post","type-post","status-publish","format-standard","hentry","category-politica"],"_links":{"self":[{"href":"https:\/\/archivioturi.lavocedelpaese.info\/index.php\/wp-json\/wp\/v2\/posts\/13482","targetHints":{"allow":["GET"]}}],"collection":[{"href":"https:\/\/archivioturi.lavocedelpaese.info\/index.php\/wp-json\/wp\/v2\/posts"}],"about":[{"href":"https:\/\/archivioturi.lavocedelpaese.info\/index.php\/wp-json\/wp\/v2\/types\/post"}],"author":[{"embeddable":true,"href":"https:\/\/archivioturi.lavocedelpaese.info\/index.php\/wp-json\/wp\/v2\/users\/1"}],"replies":[{"embeddable":true,"href":"https:\/\/archivioturi.lavocedelpaese.info\/index.php\/wp-json\/wp\/v2\/comments?post=13482"}],"version-history":[{"count":0,"href":"https:\/\/archivioturi.lavocedelpaese.info\/index.php\/wp-json\/wp\/v2\/posts\/13482\/revisions"}],"wp:attachment":[{"href":"https:\/\/archivioturi.lavocedelpaese.info\/index.php\/wp-json\/wp\/v2\/media?parent=13482"}],"wp:term":[{"taxonomy":"category","embeddable":true,"href":"https:\/\/archivioturi.lavocedelpaese.info\/index.php\/wp-json\/wp\/v2\/categories?post=13482"},{"taxonomy":"post_tag","embeddable":true,"href":"https:\/\/archivioturi.lavocedelpaese.info\/index.php\/wp-json\/wp\/v2\/tags?post=13482"}],"curies":[{"name":"wp","href":"https:\/\/api.w.org\/{rel}","templated":true}]}}