{"id":13478,"date":"2015-10-12T09:35:07","date_gmt":"2015-10-12T09:35:07","guid":{"rendered":"https:\/\/archivioturi.lavocedelpaese.info\/index.php\/2015\/10\/12\/genitori-si-diventa\/"},"modified":"2015-10-12T09:35:07","modified_gmt":"2015-10-12T09:35:07","slug":"genitori-si-diventa","status":"publish","type":"post","link":"https:\/\/archivioturi.lavocedelpaese.info\/index.php\/2015\/10\/12\/genitori-si-diventa\/","title":{"rendered":"Genitori si diventa"},"content":{"rendered":"<p><img loading=\"lazy\" decoding=\"async\" src=\"https:\/\/farm6.staticflickr.com\/5751\/22095015282_393734feb8_m.jpg\" alt=\"IMG-20151006-WA0043\" height=\"240\" width=\"161\" \/><\/p>\n<p style=\"text-align: justify;\">Si terr\u00e0 il 12 ottobre, dalle 18.30 alle 20.30, presso la Biblioteca Comunale di Turi un incontro a cura del dott. De Muro, consulente del progetto Famiglie Accoglienti.<br \/>Sar\u00e0 un momento di confronto su un tema molto importante e vicino a ciascuno di noi, la genitorialit\u00e0 in tutte le sue sfaccettature e difficolt\u00e0.<\/p>\n","protected":false},"excerpt":{"rendered":"<p><img loading=\"lazy\" decoding=\"async\" src=\"https:\/\/farm6.staticflickr.com\/5751\/22095015282_393734feb8_m.jpg\" alt=\"IMG-20151006-WA0043\" height=\"240\" width=\"161\" \/><\/p>\n","protected":false},"author":1,"featured_media":0,"comment_status":"open","ping_status":"closed","sticky":false,"template":"","format":"standard","meta":{"colormag_page_container_layout":"default_layout","colormag_page_sidebar_layout":"default_layout","footnotes":""},"categories":[7],"tags":[],"class_list":["post-13478","post","type-post","status-publish","format-standard","hentry","category-attualita"],"_links":{"self":[{"href":"https:\/\/archivioturi.lavocedelpaese.info\/index.php\/wp-json\/wp\/v2\/posts\/13478","targetHints":{"allow":["GET"]}}],"collection":[{"href":"https:\/\/archivioturi.lavocedelpaese.info\/index.php\/wp-json\/wp\/v2\/posts"}],"about":[{"href":"https:\/\/archivioturi.lavocedelpaese.info\/index.php\/wp-json\/wp\/v2\/types\/post"}],"author":[{"embeddable":true,"href":"https:\/\/archivioturi.lavocedelpaese.info\/index.php\/wp-json\/wp\/v2\/users\/1"}],"replies":[{"embeddable":true,"href":"https:\/\/archivioturi.lavocedelpaese.info\/index.php\/wp-json\/wp\/v2\/comments?post=13478"}],"version-history":[{"count":0,"href":"https:\/\/archivioturi.lavocedelpaese.info\/index.php\/wp-json\/wp\/v2\/posts\/13478\/revisions"}],"wp:attachment":[{"href":"https:\/\/archivioturi.lavocedelpaese.info\/index.php\/wp-json\/wp\/v2\/media?parent=13478"}],"wp:term":[{"taxonomy":"category","embeddable":true,"href":"https:\/\/archivioturi.lavocedelpaese.info\/index.php\/wp-json\/wp\/v2\/categories?post=13478"},{"taxonomy":"post_tag","embeddable":true,"href":"https:\/\/archivioturi.lavocedelpaese.info\/index.php\/wp-json\/wp\/v2\/tags?post=13478"}],"curies":[{"name":"wp","href":"https:\/\/api.w.org\/{rel}","templated":true}]}}