{"id":13472,"date":"2015-10-12T10:34:20","date_gmt":"2015-10-12T10:34:20","guid":{"rendered":"https:\/\/archivioturi.lavocedelpaese.info\/index.php\/2015\/10\/12\/terzo-memorial-dario-danese\/"},"modified":"2015-10-12T10:34:20","modified_gmt":"2015-10-12T10:34:20","slug":"terzo-memorial-dario-danese","status":"publish","type":"post","link":"https:\/\/archivioturi.lavocedelpaese.info\/index.php\/2015\/10\/12\/terzo-memorial-dario-danese\/","title":{"rendered":"TERZO MEMORIAL DARIO DANESE"},"content":{"rendered":"<p><img loading=\"lazy\" decoding=\"async\" src=\"https:\/\/farm6.staticflickr.com\/5739\/21906413329_b7291209b9_n.jpg\" alt=\"_MG_5381\" height=\"213\" width=\"320\" \/><\/p>\n<p style=\"text-align: justify;\">Mercoled\u00ec 7 ottobre si \u00e8 svolto il terzo Memorial Dario Danese. La serata \u00e8 partita con la messa in Chiesa Matrice alle 19:00 per poi continuare alle 20:00 in piazza dell\u2019Annunziata, alle spalle della chiesetta di San Rocco. Un evento organizzato dall&#8217;Auser Insieme Turi, per ricordare l\u2019amato Dario, ma anche per sensibilizzare i presenti sull\u2019importanza della sicurezza stradale.<\/p>\n<p style=\"text-align: justify;\">Interventi in piazza hanno preceduto un momento pi\u00f9 \u201cleggero\u201d, offerto dalle voci di chi lo ha sempre nel cuore.<br \/>\u201cUno dei motivi principali degli incidenti \u00e8 la distrazione, ma spesso gli incidenti accadono a causa della non perfetta conoscenza del codice stradale. Basta rispettare la segnaletica per ridurre al minimo il rischio di un\u2019incidente.\u201d &#8211; \u00e8 stato pi\u00f9 volte tuonato durante il momento di incontro con gli agenti, aperto dal tenente Valentini.<\/p>\n<p style=\"text-align: justify;\">\u201cGli incidenti sulle strade extraurbane si sono dimezzati negli ultimi anni, ma paradossalmente sono incrementati quelli nei centri abitati\u201d &#8211; ha espresso il presidente di \u201cVivi la strada\u201d Tonio Coladonato. Quindi poi, rivolgendosi&nbsp; ai vigili ha continuato &#8211; \u201cSe vedete un\u2019infrazione, fermate il conducente ed effettuate la multa, invece di ignorare l\u2019accaduto.\u201d<\/p>\n<p style=\"text-align: justify;\">Dopo di loro, un video dedicato a Dario e montato dall&#8217;amica Alessandra Alfonso ha fatto crescere l&#8217;emozione in tutti i presenti. Al termine un omaggio in musica rappresentato dalle bellissime esibizioni canore di Alessandra Alfonso accompagnata dal chitarrista Giuseppe Abbondanza, Rossana Marchese, Glenda Resta e Francesca Gangi.<br \/>Un buffet offerto dalla famiglia Danese ha salutato tutti i presenti.<\/p>\n<p><object height=\"480\" width=\"640\"><param name=\"flashvars\" value=\"offsite=true&amp;lang=it-it&amp;page_show_url=%2Fphotos%2F91470992%40N02%2Fsets%2F72157657385254214%2Fshow%2F&amp;page_show_back_url=%2Fphotos%2F91470992%40N02%2Fsets%2F72157657385254214%2F&amp;set_id=72157657385254214&amp;jump_to=\" \/><param name=\"movie\" value=\"https:\/\/www.flickr.com\/apps\/slideshow\/show.swf?v=237555616\" \/><param name=\"allowFullScreen\" value=\"true\" \/><embed type=\"application\/x-shockwave-flash\" src=\"https:\/\/www.flickr.com\/apps\/slideshow\/show.swf?v=237555616\" allowfullscreen=\"true\" flashvars=\"offsite=true&amp;lang=it-it&amp;page_show_url=%2Fphotos%2F91470992%40N02%2Fsets%2F72157657385254214%2Fshow%2F&amp;page_show_back_url=%2Fphotos%2F91470992%40N02%2Fsets%2F72157657385254214%2F&amp;set_id=72157657385254214&amp;jump_to=\" height=\"480\" width=\"640\" \/><\/object><\/p>\n","protected":false},"excerpt":{"rendered":"<p><img loading=\"lazy\" decoding=\"async\" src=\"https:\/\/farm6.staticflickr.com\/5739\/21906413329_b7291209b9_n.jpg\" alt=\"_MG_5381\" height=\"213\" width=\"320\" \/><\/p>\n","protected":false},"author":1,"featured_media":0,"comment_status":"open","ping_status":"closed","sticky":false,"template":"","format":"standard","meta":{"colormag_page_container_layout":"default_layout","colormag_page_sidebar_layout":"default_layout","footnotes":""},"categories":[6],"tags":[],"class_list":["post-13472","post","type-post","status-publish","format-standard","hentry","category-cultura"],"_links":{"self":[{"href":"https:\/\/archivioturi.lavocedelpaese.info\/index.php\/wp-json\/wp\/v2\/posts\/13472","targetHints":{"allow":["GET"]}}],"collection":[{"href":"https:\/\/archivioturi.lavocedelpaese.info\/index.php\/wp-json\/wp\/v2\/posts"}],"about":[{"href":"https:\/\/archivioturi.lavocedelpaese.info\/index.php\/wp-json\/wp\/v2\/types\/post"}],"author":[{"embeddable":true,"href":"https:\/\/archivioturi.lavocedelpaese.info\/index.php\/wp-json\/wp\/v2\/users\/1"}],"replies":[{"embeddable":true,"href":"https:\/\/archivioturi.lavocedelpaese.info\/index.php\/wp-json\/wp\/v2\/comments?post=13472"}],"version-history":[{"count":0,"href":"https:\/\/archivioturi.lavocedelpaese.info\/index.php\/wp-json\/wp\/v2\/posts\/13472\/revisions"}],"wp:attachment":[{"href":"https:\/\/archivioturi.lavocedelpaese.info\/index.php\/wp-json\/wp\/v2\/media?parent=13472"}],"wp:term":[{"taxonomy":"category","embeddable":true,"href":"https:\/\/archivioturi.lavocedelpaese.info\/index.php\/wp-json\/wp\/v2\/categories?post=13472"},{"taxonomy":"post_tag","embeddable":true,"href":"https:\/\/archivioturi.lavocedelpaese.info\/index.php\/wp-json\/wp\/v2\/tags?post=13472"}],"curies":[{"name":"wp","href":"https:\/\/api.w.org\/{rel}","templated":true}]}}