{"id":13457,"date":"2015-10-05T17:05:39","date_gmt":"2015-10-05T17:05:39","guid":{"rendered":"https:\/\/archivioturi.lavocedelpaese.info\/index.php\/2015\/10\/05\/dal-palco-alla-radio-mariano-e-melania\/"},"modified":"2015-10-05T17:05:39","modified_gmt":"2015-10-05T17:05:39","slug":"dal-palco-alla-radio-mariano-e-melania","status":"publish","type":"post","link":"https:\/\/archivioturi.lavocedelpaese.info\/index.php\/2015\/10\/05\/dal-palco-alla-radio-mariano-e-melania\/","title":{"rendered":"Dal palco alla radio: Mariano e Melania"},"content":{"rendered":"<p><img loading=\"lazy\" decoding=\"async\" src=\"https:\/\/farm6.staticflickr.com\/5796\/21925714991_fae8d8dcef_q.jpg\" alt=\"12020031_10207713755301421_5667303045504081504_n\" height=\"150\" width=\"150\" \/><img loading=\"lazy\" decoding=\"async\" src=\"https:\/\/farm1.staticflickr.com\/737\/21294882093_31399d09a2_q.jpg\" alt=\"12063772_1024547540929714_3926362913102720337_n\" height=\"150\" width=\"150\" \/><\/p>\n<p style=\"text-align: justify;\">Lo scorso anno li avevamo salutati ed applauditi sul palcoscenico di &#8220;Sound on stage&#8221; dove Melania Vitiello e Mariano Di Venere portarono a tutti la voce e il talento di due giovani turesi.<br \/>Voci che incantano, voci che emozionano e che raccontano di una Turi che non \u00e8 solo agricoltura, gastronomia o feste, ma una cittadina che sa coltivare talenti musicali e artistici che emozionano e sanno vincere.. <br \/>Infatti, lo scorso anno, &#8220;Sound on stage&#8221; regal\u00f2 ai due cantanti turesi due vittorie e la possibilit\u00e0 di lavorare e crescere in ambito musicale. &#8220;Quest&#8217;anno il concorso non si \u00e8 svolto ma \u00e8 stato riproposto in versione Rewind, cio\u00e8 si sono esibiti tutti coloro che in entrambe le edizioni hanno vinto l&#8217;incisione di un brano nella compilation del concorso&#8221; \u2013 ci ha spiegato Melania dopo aver cantanto sul palco di Triggiano.<br \/>Registrazioni e nuove incisioni, sono state solo l&#8217;avvio di una strada che i due cantanti turesi stanno percorrendo, seguendo, poi, la possibilit\u00e0 di poter raccontare della loro passione a quante pi\u00f9 persone. Da qualche giorno, infatti, come ha gi\u00e0 vissuto Mariano Di Venere lo scorso marted\u00ec 29 settembre, e a breve vivr\u00e0 la stessa Melania, i vincitori della passata edizione del concorso &#8220;Sound on Stage Music Festival&#8221;, stanno presentando i loro brani a Radio Canale 100 di Bari, nel programma Ricomincio da 100, con Isabella Difronzo.<br \/>Siamo certi che la strada di questi due talenti turesi \u00e8 solo in salita. Con dedizione ed impegno raggiungeranno il loro sogno e far ascoltare la loro voce, ai cuori di tante persone.<\/p>\n","protected":false},"excerpt":{"rendered":"<p><img loading=\"lazy\" decoding=\"async\" src=\"https:\/\/farm6.staticflickr.com\/5796\/21925714991_fae8d8dcef_q.jpg\" alt=\"12020031_10207713755301421_5667303045504081504_n\" height=\"150\" width=\"150\" \/><img loading=\"lazy\" decoding=\"async\" src=\"https:\/\/farm1.staticflickr.com\/737\/21294882093_31399d09a2_q.jpg\" alt=\"12063772_1024547540929714_3926362913102720337_n\" height=\"150\" width=\"150\" \/><\/p>\n","protected":false},"author":1,"featured_media":0,"comment_status":"open","ping_status":"closed","sticky":false,"template":"","format":"standard","meta":{"colormag_page_container_layout":"default_layout","colormag_page_sidebar_layout":"default_layout","footnotes":""},"categories":[6],"tags":[],"class_list":["post-13457","post","type-post","status-publish","format-standard","hentry","category-cultura"],"_links":{"self":[{"href":"https:\/\/archivioturi.lavocedelpaese.info\/index.php\/wp-json\/wp\/v2\/posts\/13457","targetHints":{"allow":["GET"]}}],"collection":[{"href":"https:\/\/archivioturi.lavocedelpaese.info\/index.php\/wp-json\/wp\/v2\/posts"}],"about":[{"href":"https:\/\/archivioturi.lavocedelpaese.info\/index.php\/wp-json\/wp\/v2\/types\/post"}],"author":[{"embeddable":true,"href":"https:\/\/archivioturi.lavocedelpaese.info\/index.php\/wp-json\/wp\/v2\/users\/1"}],"replies":[{"embeddable":true,"href":"https:\/\/archivioturi.lavocedelpaese.info\/index.php\/wp-json\/wp\/v2\/comments?post=13457"}],"version-history":[{"count":0,"href":"https:\/\/archivioturi.lavocedelpaese.info\/index.php\/wp-json\/wp\/v2\/posts\/13457\/revisions"}],"wp:attachment":[{"href":"https:\/\/archivioturi.lavocedelpaese.info\/index.php\/wp-json\/wp\/v2\/media?parent=13457"}],"wp:term":[{"taxonomy":"category","embeddable":true,"href":"https:\/\/archivioturi.lavocedelpaese.info\/index.php\/wp-json\/wp\/v2\/categories?post=13457"},{"taxonomy":"post_tag","embeddable":true,"href":"https:\/\/archivioturi.lavocedelpaese.info\/index.php\/wp-json\/wp\/v2\/tags?post=13457"}],"curies":[{"name":"wp","href":"https:\/\/api.w.org\/{rel}","templated":true}]}}