{"id":13446,"date":"2015-10-06T14:34:34","date_gmt":"2015-10-06T14:34:34","guid":{"rendered":"https:\/\/archivioturi.lavocedelpaese.info\/index.php\/2015\/10\/06\/torniamo-a-parlare-del-bene-di-turi\/"},"modified":"2015-10-06T14:34:34","modified_gmt":"2015-10-06T14:34:34","slug":"torniamo-a-parlare-del-bene-di-turi","status":"publish","type":"post","link":"https:\/\/archivioturi.lavocedelpaese.info\/index.php\/2015\/10\/06\/torniamo-a-parlare-del-bene-di-turi\/","title":{"rendered":"Torniamo a parlare del bene di Turi"},"content":{"rendered":"<p><img loading=\"lazy\" decoding=\"async\" src=\"https:\/\/farm8.staticflickr.com\/7739\/17791628726_980b53de53_n.jpg\" alt=\"Lavinia Orlando\" height=\"240\" width=\"320\" \/><\/p>\n<p style=\"text-align: justify;\">In questa lunga intervista, la vicesindaco Lavinia Orlando ha ripercorso alcune tra le maggiori azioni amministrative della squadra di governo e del suo assessorato. In conclusione, ci ha dato il suo punto di vista politico circa gli ultimi accadimenti all\u2019interno della maggioranza.<br \/><strong>Vicesindaco, a pi\u00f9 di un anno dall\u2019insediamento di questa amministrazione, quale azione politica o amministrativa reputa di maggiore impatto e importanza per la nostra comunit\u00e0?<\/strong> <br \/>\u00abNel nostro programma politico &#8211; amministrativo non abbiamo fatto riferimento alcuno ad azioni a forte impatto, quanto piuttosto al perseguimento di obiettivi che l&#8217;intera maggioranza ritiene imprescindibili e che, se accolti ed applicati, consentirebbero notevoli miglioramenti. A titolo esemplificativo, penso alla tutela delle fasce deboli della popolazione: a tal fine, abbiamo da poco ottenuto un&nbsp; finanziamento volto a ristrutturare gli appartamenti siti al primo ed al secondo piano della struttura del Chiostro dei Francescani, che, una volta pronti, soddisferanno un bisogno fondamentale per parte della nostra comunit\u00e0; sempre nello stesso ambito, mi riferisco al bando case popolari, che consentir\u00e0 a breve di individuare, secondo criteri chiari, gli assegnatari degli appartamenti appena citati e di altri che si rendessero liberi e pronti. Penso, ancora, alla tutela delle fasce giovani della popolazione e mi viene in mente il nuovo capitolato mensa, dove, oltre all&#8217;attenzione rispetto alla qualit\u00e0 degli alimenti, abbiamo preteso azioni chiare nel senso di una maggiore tutela dell&#8217;ambiente e delle produzioni di filiera corta. Penso, altres\u00ec, alla partecipazione dei cittadini alla cosa pubblica e mi riferisco al regolamento comunale sulla collaborazione tra cittadini ed amministrazione per la cura e la valorizzazione dei beni comuni urbani, che consentir\u00e0, non appena approvati gli atti propedeutici, a singoli ed associazioni di prendere in gestione beni pubblici per realizzare attivit\u00e0 di vario tipo. Penso all&#8217;esigenza di decongestionare il paese dalle auto, in favore di spostamenti pi\u00f9 sostenibili e mi viene in mente l&#8217;isola pedonale (tanto vituperata da alcune attivit\u00e0 produttive, al contrario apprezzata dai cittadini). E cos\u00ec andando avanti\u00bb.&nbsp;&nbsp;&nbsp;&nbsp;&nbsp; &nbsp;<br \/><strong>Quale, invece, l\u2019azione pi\u00f9 importante del suo assessorato?<\/strong> <br \/>\u00abSotto il profilo metodologico, ho cercato di intraprendere un percorso condiviso tra le varie realt\u00e0 associative turesi, partendo dal presupposto che non pu\u00f2 essere il singolo amministratore a decidere in solitaria, essendo invece necessaria la partecipazione e messa in rete di tutti o della maggior parte degli attori sociali. Non nego che ancora tanto vada fatto, ma siamo sulla buona strada. Circa le manifestazioni maggiormente esplicative del mio mandato, ne cito solo due: &#8220;La Rosa di Turi&#8221;, tenutasi dal 25 al 27 aprile ed incentrata sulla figura di Antonio Gramsci, la cui rivalutazione, anche a fini di promozione del territorio, \u00e8 tra i nostri obiettivi primari e la Sagra della ciliegia, che si \u00e8 caratterizzata, soprattutto quest&#8217;anno, per l&#8217;ampio coinvolgimento delle attivit\u00e0 commerciali turesi, fungendo da esempio per le future esperienze\u00bb.<\/p>\n<p style=\"text-align: justify;\"><strong>Avrebbe voluto fare di pi\u00f9? Se s\u00ec, cosa?<\/strong> <br \/>\u00abSe avessi potuto beneficiare di maggiori fondi, avrei certamente potuto fare di pi\u00f9, anche perch\u00e9, a differenza degli altri settori, l&#8217;ambito culturale prevede procedure pi\u00f9 snelle e, dunque, pi\u00f9 celeri, sotto il profilo burocratico, almeno rispetto alla fase dell&#8217;affidamento della manifestazione (al contrario di ci\u00f2 che avviene in tutti gli altri settori). Con questo non voglio criticare il bilancio approvato, da me pienamente condiviso, ma \u00e8 chiaro ed evidente che i Comuni che richiamano tanta gente, soprattutto nel periodo estivo, con eventi di alto profilo, anche dal punto di vista qualitativo, spendono molto di pi\u00f9 dei 15.390 euro da noi impegnati per le varie manifestazioni estive (nel periodo ricompreso tra fine giugno ed inizio settembre). Si consideri, inoltre, che i fondi regionali sono vincolati alla partecipazione a bandi, con procedure ad hoc, requisiti d&#8217;accesso altrettanto particolari e con tempi di pagamento molto lenti (ben pi\u00f9 lenti di quelli comunali), tutte considerazioni che rendono arduo il loro reperimento, soprattutto in assenza di grosse realt\u00e0 associative\u00bb.<\/p>\n<p style=\"text-align: justify;\"><strong>Se potesse darsi un voto, quale sarebbe? Perch\u00e9?<\/strong> <br \/>\u00abNon sta a me valutare il mio operato. Lascio che lo facciano i cittadini\u00bb.<\/p>\n<p style=\"text-align: justify;\"><strong>Attualmente, cosa bolle in pentola? Potrebbe darci qualche assaggio delle prossime iniziative inerenti le sue deleghe?<\/strong> <br \/>\u00abLa priorit\u00e0 \u00e8 quella di procedere con la riqualificazione del mattatoio sito in Largo Pozzi per farlo divenire un cinema, teatro, contenitore culturale. Il finanziamento non potr\u00e0 che essere esterno al bilancio comunale. Per reperirlo occorrer\u00e0 avere il progetto pronto ed \u00e8 su questo che intendo concentrami: in bilancio abbiamo inserito una somma per l&#8217;esternalizzazione delle progettazioni ed \u00e8 cos\u00ec che agiremo. Circa manifestazioni ed iniziative, superati, come credo, i problemi di bilancio, riproporremo, fino alla fine dell&#8217;anno, due sagre ed alcune iniziative in occasione del periodo natalizio, sulle quali si sta iniziando a lavorare. Ci sono differenti proposte, alcune molto interessanti (provenienti tanto da associazioni, quanto da esercizi commerciali); l&#8217;auspicio \u00e8 che si possano superare&nbsp; steccati e barriere di vario tipo e lavorare insieme per mettere su un qualcosa di pi\u00f9 rilevante\u00bb. <br \/>&nbsp; <br \/><strong>Alcuni eventi del calendario turese sono stati rimandati. Come mai?<\/strong> <br \/>\u00abCirca la festa del borgo antico, preciso quanto gi\u00e0 in precedenza chiarito: fino alla data di approvazione del bilancio di previsione 2015 (31 agosto), abbiamo lavorato, in dodicesimi, con i fondi del 2014. Ci\u00f2 ha comportato due conseguenze: la prima \u00e8 legata all&#8217;impossibilit\u00e0 di programmare da gennaio tutte le iniziative che si intendeva realizzare nel corso dell&#8217;anno, non avendo cognizione delle somme che sarebbero state previste nel bilancio 2015 (va ricordato che la cultura \u00e8 spesa discrezionale, come tale \u00e8 la prima ad essere tagliata in caso di necessit\u00e0), sicch\u00e9 a met\u00e0 luglio non avevamo ancora piena idea delle somme che avremmo potuto destinare per spese culturali, eventi e manifestazioni. La seconda \u00e8 legata alla necessit\u00e0 di scegliere, a causa dei dodicesimi, quali progetti realizzare e quali rinviare (considerando che la somma necessaria per la festa del borgo antico \u00e8 ingente). Circa la manifestazione &#8220;Vegeturiamo&#8221;, il rinvio \u00e8 legato a serie problematiche accorse all&#8217;Associazione organizzatrice\u00bb.<\/p>\n<p style=\"text-align: justify;\"><strong>L\u2019opposizione vi accusa spesso di immobilismo, di mancanza di programmazione politica e, in parole povere, di aver fatto ben poco. Cosa risponde?<\/strong> <br \/>\u00abIl nostro problema non \u00e8 l&#8217;immobilismo o la mancanza di programmazione politica, in quanto abbiamo ben in chiaro ci\u00f2 che intendiamo realizzare per Turi (ed abbiamo iniziato a farlo). Ci\u00f2 che manca \u00e8 un&#8217;adeguata comunicazione ai cittadini dei provvedimenti che abbiamo in animo di porre in essere o che abbiamo gi\u00e0 assunto. \u00c8 questo il punto rispetto al quale siamo carenti ed \u00e8 ci\u00f2 che ci rende immobili agli occhi dei cittadini. Dovremmo imparare un po&#8217; tutti a parlare dei provvedimenti che approviamo, ponendo meno (o per nulla) l&#8217;accento su presunte crisi di maggioranza, mancate dimissioni e tutte le altre dicerie che sono andate per la maggiore, soprattutto in queste ultime settimane\u00bb.<\/p>\n<p style=\"text-align: justify;\"><strong>Anche l\u2019ex capogruppo di Impegno Comune per Turi, dopo essersi dimesso, ha dichiarato che in un anno e mezzo \u00e8 stato fatto ben poco, che gli assessori avrebbero dovuto darsi maggiormente da fare. Lei si riconosce nelle parole del consigliere?<\/strong> <br \/>\u00abLa critica e l&#8217;autocritica sono momenti fondamentali nella crescita individuale e per il miglioramento di qualsiasi attivit\u00e0 si svolga. Sarebbe piaciuto a tutti noi rivoltare in quindici mesi il paese e realizzare tutto ci\u00f2 che avevamo in mente di fare sin da quando eravamo semplici militanti di partito. Il problema \u00e8 che, una volta giunti in via XX Settembre, ci siamo trovati a scontrarci con una serie di problematiche, essenzialmente burocratiche (ma anche relazionali), che hanno inevitabilmente rallentato l&#8217;azione di Sindaco, assessori e consiglieri. Posso dire che tutti gli assessori ed il Sindaco, dato che la critica \u00e8 essenzialmente mossa contro di essi, si sono dati da fare al massimo delle rispettive possibilit\u00e0. Il Sindaco, in particolare, \u00e8 costantemente presente in Municipio, pronto ad ascoltare le esigenze dei cittadini ed a monitorare il lavoro degli uffici. Ritengo gi\u00e0 solo questa un&#8217;importante novit\u00e0 rispetto a chi l&#8217;ha preceduto\u00bb. &nbsp;<br \/>Ci pu\u00f2 dare una sua opinione politica circa la posizione assunta dal consigliere Leo Spada? Questi equilibri politici vanno rispettati? <br \/>\u00abChe il passaggio dei due assessori indipendenti al PD abbia generato una problematica politica \u00e8 circostanza oramai nota, trita e ritrita. Ci\u00f2 precisato, occorre distinguere la questione squisitamente politica dall&#8217;attivit\u00e0 amministrativa. La prima \u00e8 stata oggetto di una serie di riunioni ed in queste sedi che ha trovato sfogo, analisi e soluzioni. Mi preme, per\u00f2, sottolineare che l&#8217;azione amministrativa non \u00e8 stata n\u00e9 sar\u00e0 intaccata da tesseramenti e cambiamenti di posizione. La giunta ha continuato e continuer\u00e0 a lavorare in perfetta sinergia\u00bb.<\/p>\n<p style=\"text-align: justify;\"><strong>Pi\u00f9 di un anno fa, alle urne, i turesi avevano eletto dal Pd solo il Sindaco. Oggi invece il Partito democratico pare avere una visibilit\u00e0 che secondo alcuni non gli spetta. Cosa ne pensa?<\/strong> <br \/>\u00abPenso che sia necessario, per il bene del paese che amministriamo, contemperare la problematica relativa alla visibilit\u00e0 che spetta a ciascuna forza politica con il fatto che alla maggior parte dei turesi poco importi che un partito sia maggiormente visibile rispetto ad un altro, in quanto al comune cittadino interessa essenzialmente che il paese sia ben governato. Posto che nessuno, ad iniziare dalla sottoscritta, \u00e8 intoccabile, sono certa che, nelle sedi politiche opportune, si sia gi\u00e0 addivenuti ad una giusta soluzione, che tenga conto, tanto della equa visibilit\u00e0 dei partiti, quanto delle singole competenze ed attitudini degli assessori, quanto del contributo che ciascuna forza politica ha apportato per la vittoria delle elezioni. Ci\u00f2 detto, mi piacerebbe ritornare (o iniziare, a seconda dei punti di vista) a parlare e discutere di questioni pi\u00f9 rilevanti per il Comune di Turi\u00bb.&nbsp;&nbsp;&nbsp;&nbsp;<\/p>\n","protected":false},"excerpt":{"rendered":"<p><img loading=\"lazy\" decoding=\"async\" src=\"https:\/\/farm8.staticflickr.com\/7739\/17791628726_980b53de53_n.jpg\" alt=\"Lavinia Orlando\" height=\"240\" width=\"320\" \/><\/p>\n","protected":false},"author":1,"featured_media":0,"comment_status":"open","ping_status":"closed","sticky":false,"template":"","format":"standard","meta":{"colormag_page_container_layout":"default_layout","colormag_page_sidebar_layout":"default_layout","footnotes":""},"categories":[4],"tags":[],"class_list":["post-13446","post","type-post","status-publish","format-standard","hentry","category-politica"],"_links":{"self":[{"href":"https:\/\/archivioturi.lavocedelpaese.info\/index.php\/wp-json\/wp\/v2\/posts\/13446","targetHints":{"allow":["GET"]}}],"collection":[{"href":"https:\/\/archivioturi.lavocedelpaese.info\/index.php\/wp-json\/wp\/v2\/posts"}],"about":[{"href":"https:\/\/archivioturi.lavocedelpaese.info\/index.php\/wp-json\/wp\/v2\/types\/post"}],"author":[{"embeddable":true,"href":"https:\/\/archivioturi.lavocedelpaese.info\/index.php\/wp-json\/wp\/v2\/users\/1"}],"replies":[{"embeddable":true,"href":"https:\/\/archivioturi.lavocedelpaese.info\/index.php\/wp-json\/wp\/v2\/comments?post=13446"}],"version-history":[{"count":0,"href":"https:\/\/archivioturi.lavocedelpaese.info\/index.php\/wp-json\/wp\/v2\/posts\/13446\/revisions"}],"wp:attachment":[{"href":"https:\/\/archivioturi.lavocedelpaese.info\/index.php\/wp-json\/wp\/v2\/media?parent=13446"}],"wp:term":[{"taxonomy":"category","embeddable":true,"href":"https:\/\/archivioturi.lavocedelpaese.info\/index.php\/wp-json\/wp\/v2\/categories?post=13446"},{"taxonomy":"post_tag","embeddable":true,"href":"https:\/\/archivioturi.lavocedelpaese.info\/index.php\/wp-json\/wp\/v2\/tags?post=13446"}],"curies":[{"name":"wp","href":"https:\/\/api.w.org\/{rel}","templated":true}]}}