{"id":13438,"date":"2015-09-27T22:07:19","date_gmt":"2015-09-27T22:07:19","guid":{"rendered":"https:\/\/archivioturi.lavocedelpaese.info\/index.php\/2015\/09\/27\/un-consorzio-per-la-ciliegia-martedi-29-settembre-incontro-libero-e-aperto-a-turi\/"},"modified":"2015-09-27T22:07:19","modified_gmt":"2015-09-27T22:07:19","slug":"un-consorzio-per-la-ciliegia-martedi-29-settembre-incontro-libero-e-aperto-a-turi","status":"publish","type":"post","link":"https:\/\/archivioturi.lavocedelpaese.info\/index.php\/2015\/09\/27\/un-consorzio-per-la-ciliegia-martedi-29-settembre-incontro-libero-e-aperto-a-turi\/","title":{"rendered":"Un consorzio per la ciliegia. Marted\u00ec 29 settembre, incontro libero e aperto a Turi"},"content":{"rendered":"<p><img loading=\"lazy\" decoding=\"async\" src=\"https:\/\/farm4.staticflickr.com\/3948\/15731824246_f94a2c648a_n.jpg\" alt=\"Ciliegie. Foto di repertorio\" width=\"320\" height=\"215\" \/><\/p>\n<p style=\"text-align: justify;\"><span style=\"font-size: 10pt;\">Marted\u00ec 29 Settembre, alle ore 18, presso il Nottingham&nbsp;Caff\u00e8 di Largo Pozzi (Turi), si terr\u00e0 un convegno dal titolo \u201cUniti per la ciliegia\u201d. Durante il dibattito sar\u00e0 presente l\u2019avvocato <strong>Leonardo Angelastri<\/strong>, assieme a una equipe di esperti. Si relazioner\u00e0 circa le dinamiche per la creazione di un consorzio per la ciliegia, illustrando gli effetti sul mercato nazionale ed estero. &nbsp;<\/span><\/p>\n<p style=\"text-align: justify;\"><span style=\"font-size: 10pt;\">Si prega di partecipare numerosi, per non perdere ghiotte opportunit\u00e0 sulla materia prima dell\u2019eccellenza turese: la ciliegia.<\/span><\/p>\n<p style=\"text-align: justify;\"><strong><span style=\"font-size: 10pt;\">Il dibattito \u00e8 libero e aperto a tutti: agricoltori, produttori, cittadini. Da non perdere!<\/span><\/strong><\/p>\n","protected":false},"excerpt":{"rendered":"<p><img loading=\"lazy\" decoding=\"async\" src=\"https:\/\/farm4.staticflickr.com\/3948\/15731824246_f94a2c648a_n.jpg\" alt=\"Ciliegie. Foto di repertorio\" width=\"320\" height=\"215\" \/><\/p>\n","protected":false},"author":1,"featured_media":0,"comment_status":"open","ping_status":"closed","sticky":false,"template":"","format":"standard","meta":{"colormag_page_container_layout":"default_layout","colormag_page_sidebar_layout":"default_layout","footnotes":""},"categories":[7],"tags":[],"class_list":["post-13438","post","type-post","status-publish","format-standard","hentry","category-attualita"],"_links":{"self":[{"href":"https:\/\/archivioturi.lavocedelpaese.info\/index.php\/wp-json\/wp\/v2\/posts\/13438","targetHints":{"allow":["GET"]}}],"collection":[{"href":"https:\/\/archivioturi.lavocedelpaese.info\/index.php\/wp-json\/wp\/v2\/posts"}],"about":[{"href":"https:\/\/archivioturi.lavocedelpaese.info\/index.php\/wp-json\/wp\/v2\/types\/post"}],"author":[{"embeddable":true,"href":"https:\/\/archivioturi.lavocedelpaese.info\/index.php\/wp-json\/wp\/v2\/users\/1"}],"replies":[{"embeddable":true,"href":"https:\/\/archivioturi.lavocedelpaese.info\/index.php\/wp-json\/wp\/v2\/comments?post=13438"}],"version-history":[{"count":0,"href":"https:\/\/archivioturi.lavocedelpaese.info\/index.php\/wp-json\/wp\/v2\/posts\/13438\/revisions"}],"wp:attachment":[{"href":"https:\/\/archivioturi.lavocedelpaese.info\/index.php\/wp-json\/wp\/v2\/media?parent=13438"}],"wp:term":[{"taxonomy":"category","embeddable":true,"href":"https:\/\/archivioturi.lavocedelpaese.info\/index.php\/wp-json\/wp\/v2\/categories?post=13438"},{"taxonomy":"post_tag","embeddable":true,"href":"https:\/\/archivioturi.lavocedelpaese.info\/index.php\/wp-json\/wp\/v2\/tags?post=13438"}],"curies":[{"name":"wp","href":"https:\/\/api.w.org\/{rel}","templated":true}]}}