{"id":13414,"date":"2015-09-20T13:08:05","date_gmt":"2015-09-20T13:08:05","guid":{"rendered":"https:\/\/archivioturi.lavocedelpaese.info\/index.php\/2015\/09\/20\/a-palo-dopo-i-big-ce-la-dof\/"},"modified":"2015-09-20T13:08:05","modified_gmt":"2015-09-20T13:08:05","slug":"a-palo-dopo-i-big-ce-la-dof","status":"publish","type":"post","link":"https:\/\/archivioturi.lavocedelpaese.info\/index.php\/2015\/09\/20\/a-palo-dopo-i-big-ce-la-dof\/","title":{"rendered":"A Palo dopo i big c\u2019\u00e8 la D.O.F."},"content":{"rendered":"<p><img loading=\"lazy\" decoding=\"async\" src=\"https:\/\/farm1.staticflickr.com\/585\/21379638088_7f3d797261_n.jpg\" alt=\"12030655_1006913692692876_18893725_n\" height=\"210\" width=\"320\" \/><\/p>\n<p style=\"text-align: justify;\">Questa settimana il Corripuglia fa tappa a Palo del Colle. I padroni di casa della Dynamyk sfornano un percorso di 10 km cittadino piuttosto impegnativo con diversi saliscendi anche brevi ma piuttosto ripidi. Si corre nel tardo pomeriggio per evitare le ore di calura, ma la domenica sera lascia a casa pi\u00f9 atleti e in 850 circa chiudono la gara. Vince Giovanni Aucello dell\u2019atletica Casone Noceto, atleta di fortissima levatura di livello internazionale, davanti a Rodolfo Guastamacchia e Gennaro Bonvino, tutti e tre di assoluto livello. Primo dei terrestri e quarto nella classifica generale il nostro \u201cPatriota\u201d Gianpiero Bianco, ampiamente soddisfatto all\u2019arrivo per il risultato ottenuto segno che il ragazzo \u00e8 oramai tra i pi\u00f9 forti nel meridione. Di buon livello anche l\u2019arrivo dell\u2019altro atleta della D.O.F. Amatori Turi, Angelo Longo che chiude ad un&#8217;ottima media di 4\u201910\u201d per km, lontano dai suoi standard ma in costante ripresa. Altre due pillole per la D.O.F. Amatori Turi in questa settimana; sabato 12 Gianpiero si \u00e8 voluto mettere alla prova su una distanza non esattamente adatta a lui. Al campo Bellavista di Bari si \u00e8 disputata una manifestazione su pista dedicata a Pietro Mennea indimenticabile velocista pugliese. Sui 200 metri Gianpiero ha provato a controbattere la potenza dei velocisti ma nulla ha potuto e dopo circa 100 mt ha alzato bandiera bianca pensando alla gara di Palo del Colle del giorno successivo. Questo giusto per capire che velocit\u00e0 e fondo sono due sport completamente diversi seppur legati dalla corsa. Luned\u00ec 14 invece a Mola di Bari \u00e8 avvenuta la premiazione per la corriamola, gara di 8 km circa, manifestazione disputata 8 giorni prima nella cittadina alle porte di Bari. Due i doffisti presenti&nbsp; Aldo Mariani e Nicola Ladisa rispettivamente secondo e terzo classificato.&nbsp; Ed anche li seppur in maniera pi\u00f9 silenziosa la D.O.F. Amatori Turi ha proposto la sua forza il suo valore, caratteristiche che fanno conoscere la societ\u00e0 in tutta la puglia.<\/p>\n<p style=\"text-align: justify;\">Domenica 20 Settembre si corre a Casamassima un classico del podismo pugliese con la D.O.F. sicuramente presente e pi\u00f9 agguerrita che mai.<\/p>\n","protected":false},"excerpt":{"rendered":"<p><img loading=\"lazy\" decoding=\"async\" src=\"https:\/\/farm1.staticflickr.com\/585\/21379638088_7f3d797261_n.jpg\" alt=\"12030655_1006913692692876_18893725_n\" height=\"210\" width=\"320\" \/><\/p>\n","protected":false},"author":1,"featured_media":0,"comment_status":"open","ping_status":"closed","sticky":false,"template":"","format":"standard","meta":{"colormag_page_container_layout":"default_layout","colormag_page_sidebar_layout":"default_layout","footnotes":""},"categories":[5],"tags":[],"class_list":["post-13414","post","type-post","status-publish","format-standard","hentry","category-sport"],"_links":{"self":[{"href":"https:\/\/archivioturi.lavocedelpaese.info\/index.php\/wp-json\/wp\/v2\/posts\/13414","targetHints":{"allow":["GET"]}}],"collection":[{"href":"https:\/\/archivioturi.lavocedelpaese.info\/index.php\/wp-json\/wp\/v2\/posts"}],"about":[{"href":"https:\/\/archivioturi.lavocedelpaese.info\/index.php\/wp-json\/wp\/v2\/types\/post"}],"author":[{"embeddable":true,"href":"https:\/\/archivioturi.lavocedelpaese.info\/index.php\/wp-json\/wp\/v2\/users\/1"}],"replies":[{"embeddable":true,"href":"https:\/\/archivioturi.lavocedelpaese.info\/index.php\/wp-json\/wp\/v2\/comments?post=13414"}],"version-history":[{"count":0,"href":"https:\/\/archivioturi.lavocedelpaese.info\/index.php\/wp-json\/wp\/v2\/posts\/13414\/revisions"}],"wp:attachment":[{"href":"https:\/\/archivioturi.lavocedelpaese.info\/index.php\/wp-json\/wp\/v2\/media?parent=13414"}],"wp:term":[{"taxonomy":"category","embeddable":true,"href":"https:\/\/archivioturi.lavocedelpaese.info\/index.php\/wp-json\/wp\/v2\/categories?post=13414"},{"taxonomy":"post_tag","embeddable":true,"href":"https:\/\/archivioturi.lavocedelpaese.info\/index.php\/wp-json\/wp\/v2\/tags?post=13414"}],"curies":[{"name":"wp","href":"https:\/\/api.w.org\/{rel}","templated":true}]}}