{"id":13405,"date":"2015-09-21T13:42:12","date_gmt":"2015-09-21T13:42:12","guid":{"rendered":"https:\/\/archivioturi.lavocedelpaese.info\/index.php\/2015\/09\/21\/una-qpiccola-miaq-appare-sul-muro-della-scuola\/"},"modified":"2015-09-21T13:42:12","modified_gmt":"2015-09-21T13:42:12","slug":"una-qpiccola-miaq-appare-sul-muro-della-scuola","status":"publish","type":"post","link":"https:\/\/archivioturi.lavocedelpaese.info\/index.php\/2015\/09\/21\/una-qpiccola-miaq-appare-sul-muro-della-scuola\/","title":{"rendered":"Una &#8220;Piccola mia&#8221; appare sul muro della scuola"},"content":{"rendered":"<p><img loading=\"lazy\" decoding=\"async\" src=\"https:\/\/farm6.staticflickr.com\/5740\/20918691053_265e00b75c_n.jpg\" alt=\"IMG_20150916_081628\" height=\"240\" width=\"320\" \/><\/p>\n<p style=\"text-align: justify;\" class=\"western\" align=\"justify\">Nell&#8217;era del social network, nel periodo storico in cui il virtuale sostituisce la comunicazione fatta con carta e penna o faccia a faccia, appare quasi &#8220;romantico&#8221; il messaggio lasciato da un nostro giovane, crediamo, concittadino, alla sua amata.<\/p>\n<p style=\"text-align: justify;\" class=\"western\" align=\"justify\">&#8220;Piccola mia&#8221;, scrive. Parole dolci, un messaggio anonimo, cos\u00ec come anomina risulta essere la destinataria di questo pensiero d&#8217;amore.<\/p>\n<p style=\"text-align: justify;\" class=\"western\" align=\"justify\">Peccato, che il nostro concittadino, maleducato e senza neppure un briciolo di rispetto per un luogo, quale \u00e8 la scuola pubblica, ha sporcato con la sua lattina di vernice azzurra, il muro esterno da poco ripitturato di un padiglione del nostro Istituto Comprensivo.<\/p>\n<p style=\"text-align: justify;\" class=\"western\" align=\"justify\">Sarebbe bastato, forse, a questo punto, lasciare un messaggio nella bacheca virtuale della, a noi, ignara ragazza, cos\u00ec da evitare che un luogo pubblico fosse preda di un gesto cos\u00ec poco rispettoso del bene comune; sarebbe bastato, anche, un messaggio, scritto o vocale, su una comune app.<\/p>\n<p style=\"text-align: justify;\" class=\"western\" align=\"justify\">Peccato, che si \u00e8 preferito regalare alla &#8220;piccola mia&#8221; un messaggio che forse non legger\u00e0 mai, ma sar\u00e0 sicuramente letto da tutti i bambini e famiglie che giornalemnte frequentano l&#8217;Istituto e devono spiegare, ai loro piccoli, che tali azioni non si devono compiere e che quanto vedono, non \u00e8 una cosa da ripetere.<\/p>\n<p style=\"text-align: justify;\" class=\"western\" align=\"justify\">&nbsp;<\/p>\n","protected":false},"excerpt":{"rendered":"<p><img loading=\"lazy\" decoding=\"async\" src=\"https:\/\/farm6.staticflickr.com\/5740\/20918691053_265e00b75c_n.jpg\" alt=\"IMG_20150916_081628\" height=\"240\" width=\"320\" \/><\/p>\n","protected":false},"author":1,"featured_media":0,"comment_status":"open","ping_status":"closed","sticky":false,"template":"","format":"standard","meta":{"colormag_page_container_layout":"default_layout","colormag_page_sidebar_layout":"default_layout","footnotes":""},"categories":[7],"tags":[],"class_list":["post-13405","post","type-post","status-publish","format-standard","hentry","category-attualita"],"_links":{"self":[{"href":"https:\/\/archivioturi.lavocedelpaese.info\/index.php\/wp-json\/wp\/v2\/posts\/13405","targetHints":{"allow":["GET"]}}],"collection":[{"href":"https:\/\/archivioturi.lavocedelpaese.info\/index.php\/wp-json\/wp\/v2\/posts"}],"about":[{"href":"https:\/\/archivioturi.lavocedelpaese.info\/index.php\/wp-json\/wp\/v2\/types\/post"}],"author":[{"embeddable":true,"href":"https:\/\/archivioturi.lavocedelpaese.info\/index.php\/wp-json\/wp\/v2\/users\/1"}],"replies":[{"embeddable":true,"href":"https:\/\/archivioturi.lavocedelpaese.info\/index.php\/wp-json\/wp\/v2\/comments?post=13405"}],"version-history":[{"count":0,"href":"https:\/\/archivioturi.lavocedelpaese.info\/index.php\/wp-json\/wp\/v2\/posts\/13405\/revisions"}],"wp:attachment":[{"href":"https:\/\/archivioturi.lavocedelpaese.info\/index.php\/wp-json\/wp\/v2\/media?parent=13405"}],"wp:term":[{"taxonomy":"category","embeddable":true,"href":"https:\/\/archivioturi.lavocedelpaese.info\/index.php\/wp-json\/wp\/v2\/categories?post=13405"},{"taxonomy":"post_tag","embeddable":true,"href":"https:\/\/archivioturi.lavocedelpaese.info\/index.php\/wp-json\/wp\/v2\/tags?post=13405"}],"curies":[{"name":"wp","href":"https:\/\/api.w.org\/{rel}","templated":true}]}}