{"id":13403,"date":"2015-09-22T05:44:47","date_gmt":"2015-09-22T05:44:47","guid":{"rendered":"https:\/\/archivioturi.lavocedelpaese.info\/index.php\/2015\/09\/22\/laera-gli-assessorei-devono-dimettersi\/"},"modified":"2015-09-22T05:44:47","modified_gmt":"2015-09-22T05:44:47","slug":"laera-gli-assessorei-devono-dimettersi","status":"publish","type":"post","link":"https:\/\/archivioturi.lavocedelpaese.info\/index.php\/2015\/09\/22\/laera-gli-assessorei-devono-dimettersi\/","title":{"rendered":"Laera: \u201cGli Assessorei devono dimettersi\u201d"},"content":{"rendered":"<p><img loading=\"lazy\" decoding=\"async\" src=\"https:\/\/farm3.staticflickr.com\/2786\/4423808471_97cd946853.jpg\" alt=\"Mensa scolastica\" height=\"204\" width=\"320\" \/><\/p>\n<p style=\"text-align: justify;\">Le ripercussioni gi\u00e0 annunciate da Fratelli d\u2019Italia in Consiglio Comunale per il tramite del Consigliere Sandro Laera non si sono fatte attendere.<br \/>A Turi l&#8217;amministrazione comunale ha approvato le nuove tariffe che le famiglie dovranno sobbarcarsi per far pranzare i propri figli a scuola. Si, \u201csobbarcarsi\u201d, perch\u00e9&nbsp; dalla fascia pi\u00f9&nbsp; comune, a salire, l&#8217;aumento \u00e8 notevole. La compartecipazione dei genitori degli alunni passa dal 22% nell\u2019anno scolastico 2014\/2015 per un importo di circa 40.000,00 al 58% per l\u2019anno scolastico 2015\/2016 per un importo di 117.00,00. <br \/>Dopo questa becera ed ingiustificabile manovra finanziaria inviterei gli assessori di riferimento a dimettersi, mi riferisco all\u2019Ass. Caldararo e all\u2019Ass. Tardi, a meno che non riescano a giustificarci tale operazione, ma non credo che ci siano giustificazioni che reggano. Inoltre sarebbe inutile chiedere al Sindaco perch\u00e9 risponderebbe come al suo solito, \u201cnon so nulla vedremo\u201d.<br \/>Il problema grave ed importantissimo \u00e8 che molti bambini rinunceranno alla mensa, quindi potrebbe accadere che in alcune classi alcuni bambini mangeranno ed altri no. \u00c8 una discriminazione messa in atto dall&#8217;amministrazione comunale e pagata dalla parte pi\u00f9 terribilmente inerme della societ\u00e0, i bambini. <br \/>I bambini non devono essere lesi in nessun modo, allontanarsi dalla mensa non significa solo privarli di un pasto,&nbsp; ma anche del loro momento di socialit\u00e0, significa separarli dai loro amici,&nbsp; facendoli sentire diversi. Le ricadute psicologiche di una violenza di questo tipo possono essere diverse e traumatiche. L&#8217;allontanamento dalla mensa scolastica non fa che rafforzare il senso di emarginazione e di esclusione che i bambini appartenenti a famiglie bisognose gi\u00e0 vivono. Il vedersi separati dai propri compagni sancisce la diversit\u00e0, d\u00e0 loro misura di quanto la loro condizione sia distante dagli altri. Il fatto di avere la consapevolezza di non poter mangiare come tutti perch\u00e9 non \u00e8 stato pagato il servizio, di non poter partecipare alla mensa scolastica,&nbsp; \u00e8&nbsp; diseducativo e pu\u00f2 incidere sulla strutturazione del s\u00e9 del bambino che pu\u00f2&nbsp; sviluppare un senso di colpa e di vergogna che potrebbe sfociare anche in azioni di rivalsa, simili al bullismo. <br \/>Pu\u00f2 sfociare anche in fenomeni di emarginazione, quando uno o pi\u00f9 alunni vengono lasciati da parte e non integrati nelle dinamiche del gruppo.<br \/>Fratelli d\u2019Italia con una delegazioni di genitori \u00e8 gi\u00e0 pronta ad intraprendere azioni incisive affinch\u00e9 questa amministrazione si ravveda su tale provvedimento e ponga rimedio in tempi brevissimi.<\/p>\n","protected":false},"excerpt":{"rendered":"<p><img loading=\"lazy\" decoding=\"async\" src=\"https:\/\/farm3.staticflickr.com\/2786\/4423808471_97cd946853.jpg\" alt=\"Mensa scolastica\" height=\"204\" width=\"320\" \/><\/p>\n","protected":false},"author":1,"featured_media":0,"comment_status":"open","ping_status":"closed","sticky":false,"template":"","format":"standard","meta":{"colormag_page_container_layout":"default_layout","colormag_page_sidebar_layout":"default_layout","footnotes":""},"categories":[4],"tags":[],"class_list":["post-13403","post","type-post","status-publish","format-standard","hentry","category-politica"],"_links":{"self":[{"href":"https:\/\/archivioturi.lavocedelpaese.info\/index.php\/wp-json\/wp\/v2\/posts\/13403","targetHints":{"allow":["GET"]}}],"collection":[{"href":"https:\/\/archivioturi.lavocedelpaese.info\/index.php\/wp-json\/wp\/v2\/posts"}],"about":[{"href":"https:\/\/archivioturi.lavocedelpaese.info\/index.php\/wp-json\/wp\/v2\/types\/post"}],"author":[{"embeddable":true,"href":"https:\/\/archivioturi.lavocedelpaese.info\/index.php\/wp-json\/wp\/v2\/users\/1"}],"replies":[{"embeddable":true,"href":"https:\/\/archivioturi.lavocedelpaese.info\/index.php\/wp-json\/wp\/v2\/comments?post=13403"}],"version-history":[{"count":0,"href":"https:\/\/archivioturi.lavocedelpaese.info\/index.php\/wp-json\/wp\/v2\/posts\/13403\/revisions"}],"wp:attachment":[{"href":"https:\/\/archivioturi.lavocedelpaese.info\/index.php\/wp-json\/wp\/v2\/media?parent=13403"}],"wp:term":[{"taxonomy":"category","embeddable":true,"href":"https:\/\/archivioturi.lavocedelpaese.info\/index.php\/wp-json\/wp\/v2\/categories?post=13403"},{"taxonomy":"post_tag","embeddable":true,"href":"https:\/\/archivioturi.lavocedelpaese.info\/index.php\/wp-json\/wp\/v2\/tags?post=13403"}],"curies":[{"name":"wp","href":"https:\/\/api.w.org\/{rel}","templated":true}]}}