{"id":13399,"date":"2015-09-21T14:33:27","date_gmt":"2015-09-21T14:33:27","guid":{"rendered":"https:\/\/archivioturi.lavocedelpaese.info\/index.php\/2015\/09\/21\/tutti-giu-per-terra\/"},"modified":"2015-09-21T14:33:27","modified_gmt":"2015-09-21T14:33:27","slug":"tutti-giu-per-terra","status":"publish","type":"post","link":"https:\/\/archivioturi.lavocedelpaese.info\/index.php\/2015\/09\/21\/tutti-giu-per-terra\/","title":{"rendered":"Tutti gi\u00f9 per terra?"},"content":{"rendered":"<p><img loading=\"lazy\" decoding=\"async\" src=\"https:\/\/farm8.staticflickr.com\/7553\/15197852754_99b29b11af_n.jpg\" alt=\"Vito Notarnicola, Fabrizio Resta e Leo Caroli\" height=\"240\" width=\"320\" \/><\/p>\n<p style=\"text-align: justify;\">La maggioranza trema? Non ci sono gli equilibri? I rumors politici degli ultimi giorni si sono rincorsi senza sosta, scoprendo gli scenari di due palcoscenici contrapposti: quello ufficiale, che vede tutti, consiglieri, assessori, segretari e coordinatori, andare d\u2019amore e d\u2019accordo; e uno \u201csegreto\u201d, ben nascosto, che le voci di piazza ci descrivono come una tragicommedia, dove si ride e si bisticcia con estrema facilit\u00e0. Ma quale \u00e8 la verit\u00e0? Lo abbiamo chiesto ai segretari e ai coordinatori cittadini dei partiti facenti parte della coalizione di maggioranza: Giuseppe Gravinese (Partito democratico), Fabrizio Resta (SEL), Mirta Lerede (Rifondazione Comunista) e Renzo Camposeo (Impegno per Turi). Dalle loro dichiarazioni emergerebbe una realt\u00e0 \u201crassicurante\u201d: la maggioranza non \u00e8 in crisi. Non c\u2019\u00e8 rischio che cada.<\/p>\n<p style=\"text-align: center;\"><span style=\"font-size: 14pt;\">Resta: \u201cNon c\u2019\u00e8 crisi, non c\u2019\u00e8 mai stata. Siamo una buona squadra\u201d<\/span><\/p>\n<p><strong>Dopo l&#8217;approvazione del bilancio, il Sindaco ha incontrato i segretari e coordinatori dei partiti della coalizione di maggioranza per discutere del rimpasto di Giunta, resosi necessario &#8211; per alcuni &#8211; dopo il passaggio degli assessori Tardi e Caldararo al Pd. Quale \u00e8 la sua opinione in merito?<\/strong><\/p>\n<p>La nostra \u00e8 una Giunta eterogenea e giovane che ha lavorato bene e continuer\u00e0 a produrre ottimi risultati anche nell&#8217;immediato futuro. Non credo siano necessarie rivoluzioni di Giunta, ma piuttosto un aggiornamento della sua organizzazione al fine di rendere pi\u00f9 efficiente l&#8217;azione politica. Credo sia stato importante riunirsi per affrontare la questione in piena trasparenza\u201d.<\/p>\n<p><strong>Da questi incontri, pare sia emerso che il rimpasto di Giunta si avr\u00e0 solo a met\u00e0 mandato, cio\u00e8 a dicembre 2016. Perch\u00e9 qualcuno ritiene i due assessori (Tardi e Caldararo) \u201cintoccabili\u201d?<\/strong><\/p>\n<p>La legge sulle autonomie locali \u00e8 molto chiara: \u00e8 prerogativa del Sindaco delineare il suo esecutivo e il relativo programma politico. Non credo si debba parlare di scadenze o comunque di posizioni rigide portate a qualunque titolo, bens\u00ec di proposte e di confronto tra le varie forze politiche. \u00c8 una cosa che avviene normalmente in qualsiasi amministrazione; ci si confronta, a volte ci si scontra, perch\u00e9 le esigenze e le priorit\u00e0 possono anche essere diverse, cosi come le&nbsp; proposte, ma l&#8217;obiettivo primario resta unico: quello di fare bene nel nostro Comune e risolvere i problemi. Non credo si possa parlare di \u2018intoccabilit\u00e0\u2019 nei confronti di nessuno, altrimenti&nbsp; significherebbe mettere in discussione le prerogative e la stessa figura del Sindaco.<\/p>\n<p><strong>Quale posizione ha assunto o assumer\u00e0 SEL e quali sono i rapporti con gli altri gruppi di maggioranza?<\/strong><\/p>\n<p>\u201cSEL, riconoscendosi parte integrante e attiva della maggioranza, far\u00e0 le proprie valutazioni e continuer\u00e0 a proporre in modo costruttivo le proprie ricette per migliorare l&#8217;efficienza della Giunta e per risolvere i problemi del paese. Abbiamo sempre collaborato con le altre forze politiche e continuiamo a farlo\u201d.<\/p>\n<p><strong>Si pu\u00f2 parlare di &#8220;crisi di maggioranza&#8221;?<\/strong><\/p>\n<p>\u201cNoi non viviamo questa rappresentazione mediatica come un conflitto. Non c\u2019\u00e8 crisi, non c\u2019\u00e8 mai stata, non riteniamo affatto chiusa l\u2019esperienza al Comune con le altre forze di maggioranza. La maggioranza \u00e8 rimasta salda sul voto di bilancio, \u00e8 un dato di fatto che sta passando inosservato. Altre giunte sono rovinosamente cadute sulla prova bilancio. Siamo una buona squadra, con campioni sia nelle prime file che nelle retrovie. Finch\u00e9 gli obiettivi resteranno comuni e si riusciranno a conciliare con le soluzioni ottimali, non ci sar\u00e0 ragione&nbsp; alcuna per parlare di crisi\u201d.<\/p>\n<p><strong>C&#8217;\u00e8 il rischio di una &#8220;caduta&#8221; dell&#8217;Amministrazione Coppi?<\/strong><\/p>\n<p>\u201cAssolutamente no. Non c&#8217;\u00e8 nessun rischio, resta e rester\u00e0 solo un desiderio di chi \u00e8 rimasto a casa\u201d.<\/p>\n","protected":false},"excerpt":{"rendered":"<p><img loading=\"lazy\" decoding=\"async\" src=\"https:\/\/farm8.staticflickr.com\/7553\/15197852754_99b29b11af_n.jpg\" alt=\"Vito Notarnicola, Fabrizio Resta e Leo Caroli\" height=\"240\" width=\"320\" \/><\/p>\n","protected":false},"author":1,"featured_media":0,"comment_status":"open","ping_status":"closed","sticky":false,"template":"","format":"standard","meta":{"colormag_page_container_layout":"default_layout","colormag_page_sidebar_layout":"default_layout","footnotes":""},"categories":[4],"tags":[],"class_list":["post-13399","post","type-post","status-publish","format-standard","hentry","category-politica"],"_links":{"self":[{"href":"https:\/\/archivioturi.lavocedelpaese.info\/index.php\/wp-json\/wp\/v2\/posts\/13399","targetHints":{"allow":["GET"]}}],"collection":[{"href":"https:\/\/archivioturi.lavocedelpaese.info\/index.php\/wp-json\/wp\/v2\/posts"}],"about":[{"href":"https:\/\/archivioturi.lavocedelpaese.info\/index.php\/wp-json\/wp\/v2\/types\/post"}],"author":[{"embeddable":true,"href":"https:\/\/archivioturi.lavocedelpaese.info\/index.php\/wp-json\/wp\/v2\/users\/1"}],"replies":[{"embeddable":true,"href":"https:\/\/archivioturi.lavocedelpaese.info\/index.php\/wp-json\/wp\/v2\/comments?post=13399"}],"version-history":[{"count":0,"href":"https:\/\/archivioturi.lavocedelpaese.info\/index.php\/wp-json\/wp\/v2\/posts\/13399\/revisions"}],"wp:attachment":[{"href":"https:\/\/archivioturi.lavocedelpaese.info\/index.php\/wp-json\/wp\/v2\/media?parent=13399"}],"wp:term":[{"taxonomy":"category","embeddable":true,"href":"https:\/\/archivioturi.lavocedelpaese.info\/index.php\/wp-json\/wp\/v2\/categories?post=13399"},{"taxonomy":"post_tag","embeddable":true,"href":"https:\/\/archivioturi.lavocedelpaese.info\/index.php\/wp-json\/wp\/v2\/tags?post=13399"}],"curies":[{"name":"wp","href":"https:\/\/api.w.org\/{rel}","templated":true}]}}