{"id":1339,"date":"2010-01-27T20:31:04","date_gmt":"2010-01-27T20:31:04","guid":{"rendered":"https:\/\/archivioturi.lavocedelpaese.info\/index.php\/2010\/01\/27\/risplendente-la-gente-riprende-il-proprio-futuro\/"},"modified":"2010-01-27T20:31:04","modified_gmt":"2010-01-27T20:31:04","slug":"risplendente-la-gente-riprende-il-proprio-futuro","status":"publish","type":"post","link":"https:\/\/archivioturi.lavocedelpaese.info\/index.php\/2010\/01\/27\/risplendente-la-gente-riprende-il-proprio-futuro\/","title":{"rendered":"RISPLENDENTE: LA GENTE RIPRENDE IL PROPRIO FUTURO"},"content":{"rendered":"<p style=\"text-align: justify;\"><img loading=\"lazy\" decoding=\"async\" class=\" size-full wp-image-979\" src=\"https:\/\/archivioturi.lavocedelpaese.info\/wp-content\/uploads\/2009\/12\/risplendente_home.jpg\" alt=\"risplendente_home\" height=\"150\" width=\"320\" srcset=\"https:\/\/archivioturi.lavocedelpaese.info\/wp-content\/uploads\/2009\/12\/risplendente_home.jpg 640w, https:\/\/archivioturi.lavocedelpaese.info\/wp-content\/uploads\/2009\/12\/risplendente_home-300x141.jpg 300w\" sizes=\"auto, (max-width: 320px) 100vw, 320px\" \/><\/p>\n<p style=\"text-align: justify;\"><span style=\"font-size: 10pt;\"><span style=\"font-family: verdana,geneva;\">Turi \u00e8 uno dei paesi di Puglia dove Nichi Vendola ha vinto con una tra le pi\u00f9 alte percentuali. E, in effetti, l\u201986% non lascia scampo ad interpretazioni del voto variegate. Per concludere il capitolo-primarie, non potevamo non sentire su questa giornata cos\u00ec importante per il centro-sinistra, l\u2019unico consigliere comunale di minoranza del Partito democratico, Piero Risplendente.<\/span><\/span><\/p>\n<div style=\"text-align: justify;\"><\/div>\n<p style=\"text-align: justify;\"><span style=\"font-size: 10pt;\"><span style=\"font-family: verdana,geneva;\">\u201cUna risposta &#8220;di pancia&#8221; \u2013 ci ha dichiarato il dottor Risplendente &#8211; mi porterebbe a rispondere che <strong>ha vinto la Puglia che\u00a0vola alto<\/strong>, che si autodetermina, che ha il coraggio di guardare oltre il muro,\u00a0di sognare il proprio futuro, ma sarebbe semplice, molto semplice.<\/span><\/span><\/p>\n<div style=\"text-align: justify;\"><\/div>\n<p style=\"text-align: justify;\"><span style=\"font-size: 10pt;\"><span style=\"font-family: verdana,geneva;\">Il risultato delle primarie va letto e interpretato in maniera pi\u00f9\u00a0articolata. Non basta pensare al popolo delle primarie che ha dichiarato di voler\u00a0continuare a trasformare la Puglia pensando ai giovani, ai disoccupati, alle\u00a0donne, alle famiglie in difficolt\u00e0, ai lavoratori precari, ecc. Il risultato,\u00a0cos\u00ec netto, \u00e8 anche il dichiarato volere della &#8220;base&#8221; di riappropriarsi del\u00a0proprio futuro al di l\u00e0 delle segreterie romane. Cuore versus mente.<\/span><\/span><\/p>\n<div style=\"text-align: justify;\"><\/div>\n<p style=\"text-align: justify;\"><span style=\"font-size: 10pt;\"><span style=\"font-family: verdana,geneva;\">Il risultato determina la necessit\u00e0 del livello \u2018romano\u2019 del Partito democratico di ripensare il\u00a0ruolo delle periferie, di ripensare il partito, cos\u00ec come la corsa alla\u00a0segreteria aveva fatto intravedere. Ora per\u00f2 non c&#8217;\u00e8 pi\u00f9 tempo. <strong>Pensiamo a vincere<\/strong>.\u201d<\/span><\/span><\/p>\n","protected":false},"excerpt":{"rendered":"<p style=\"text-align: justify;\"><img loading=\"lazy\" decoding=\"async\" class=\" size-full wp-image-979\" src=\"https:\/\/archivioturi.lavocedelpaese.info\/wp-content\/uploads\/2009\/12\/risplendente_home.jpg\" alt=\"risplendente_home\" height=\"150\" width=\"320\" srcset=\"https:\/\/archivioturi.lavocedelpaese.info\/wp-content\/uploads\/2009\/12\/risplendente_home.jpg 640w, https:\/\/archivioturi.lavocedelpaese.info\/wp-content\/uploads\/2009\/12\/risplendente_home-300x141.jpg 300w\" sizes=\"auto, (max-width: 320px) 100vw, 320px\" \/><\/p>\n","protected":false},"author":1,"featured_media":979,"comment_status":"open","ping_status":"closed","sticky":false,"template":"","format":"standard","meta":{"colormag_page_container_layout":"default_layout","colormag_page_sidebar_layout":"default_layout","footnotes":""},"categories":[4],"tags":[],"class_list":["post-1339","post","type-post","status-publish","format-standard","has-post-thumbnail","hentry","category-politica"],"_links":{"self":[{"href":"https:\/\/archivioturi.lavocedelpaese.info\/index.php\/wp-json\/wp\/v2\/posts\/1339","targetHints":{"allow":["GET"]}}],"collection":[{"href":"https:\/\/archivioturi.lavocedelpaese.info\/index.php\/wp-json\/wp\/v2\/posts"}],"about":[{"href":"https:\/\/archivioturi.lavocedelpaese.info\/index.php\/wp-json\/wp\/v2\/types\/post"}],"author":[{"embeddable":true,"href":"https:\/\/archivioturi.lavocedelpaese.info\/index.php\/wp-json\/wp\/v2\/users\/1"}],"replies":[{"embeddable":true,"href":"https:\/\/archivioturi.lavocedelpaese.info\/index.php\/wp-json\/wp\/v2\/comments?post=1339"}],"version-history":[{"count":0,"href":"https:\/\/archivioturi.lavocedelpaese.info\/index.php\/wp-json\/wp\/v2\/posts\/1339\/revisions"}],"wp:featuredmedia":[{"embeddable":true,"href":"https:\/\/archivioturi.lavocedelpaese.info\/index.php\/wp-json\/wp\/v2\/media\/979"}],"wp:attachment":[{"href":"https:\/\/archivioturi.lavocedelpaese.info\/index.php\/wp-json\/wp\/v2\/media?parent=1339"}],"wp:term":[{"taxonomy":"category","embeddable":true,"href":"https:\/\/archivioturi.lavocedelpaese.info\/index.php\/wp-json\/wp\/v2\/categories?post=1339"},{"taxonomy":"post_tag","embeddable":true,"href":"https:\/\/archivioturi.lavocedelpaese.info\/index.php\/wp-json\/wp\/v2\/tags?post=1339"}],"curies":[{"name":"wp","href":"https:\/\/api.w.org\/{rel}","templated":true}]}}