{"id":13385,"date":"2015-09-15T10:37:27","date_gmt":"2015-09-15T10:37:27","guid":{"rendered":"https:\/\/archivioturi.lavocedelpaese.info\/index.php\/2015\/09\/15\/coppi-ostaggio-della-sua-maggioranza\/"},"modified":"2015-09-15T10:37:27","modified_gmt":"2015-09-15T10:37:27","slug":"coppi-ostaggio-della-sua-maggioranza","status":"publish","type":"post","link":"https:\/\/archivioturi.lavocedelpaese.info\/index.php\/2015\/09\/15\/coppi-ostaggio-della-sua-maggioranza\/","title":{"rendered":"Coppi \u201costaggio\u201d della sua maggioranza?"},"content":{"rendered":"<p><img loading=\"lazy\" decoding=\"async\" src=\"https:\/\/farm8.staticflickr.com\/7635\/17024450160_0cee4471c7_n.jpg\" alt=\"Carmine Catalano\" height=\"240\" width=\"320\" \/><\/p>\n<p style=\"text-align: justify;\">Coinvolgere giovani neolaureati turesi nella riprogettazione di alcune piazze, risparmiare sull\u2019illuminazione pubblica grazie al fotovoltaico: queste sono solo alcune delle idee che il sindacalista Carmine Catalano ha in mente per ridare linfa vitale a Turi. Eppure, in base alle sue dichiarazioni, oltre a non aver fatto nulla dal suo insediamento (\u00abtutto fumo e niente arrosto\u00bb), questa Amministrazione non vede e non ascolta: \u00abNon sono pronti al confronto&nbsp; \u2013 denuncia \u2013 perch\u00e9 ogni volta che vado chiudono le porte. E questo \u00e8 grave\u00bb. Ecco quanto ci ha raccontato in questa breve intervista.<br \/><strong>Sig. Catalano, a pi\u00f9 di un anno dall\u2019insediamento dell\u2019Amministrazione Coppi e all\u2019indomani dell\u2019approvazione della manovra tributaria e del bilancio di previsione 2015, qual \u00e8 la sua opinione sull&#8217;attivit\u00e0 di governo?<\/strong><br \/>\u00abPosso dire che il primo anno di Amministrazione Coppi \u00e8 stato deludente. Uguale all\u2019Amministrazione Resta e pi\u00f9 dell\u2019Amministrazione Gigantelli. Che ci sia immobilismo, a mio parere, \u00e8 palese. \u00c8 inutile che il Sindaco vada in piazza a smentire questo stato di inerzia\u00bb. <br \/><strong>Cosa pu\u00f2 aver determinato quella che secondo lei \u00e8 una condizione pigra, senza grandi svolte n\u00e9 opere?<\/strong><br \/>\u00abAll\u2019interno della maggioranza ci sono lotte interne, che ormai sono sotto gli occhi di tutti. Questo perch\u00e9 sono state messe al centro dell\u2019attenzione di questa Amministrazione i partiti e le ideologie e non i cittadini e le problematiche del territorio. \u00c8 come se, all\u2019interno della coalizione che ci governa, ci fossero dei gruppi \u201cfaziosi\u201d che tengono in \u201costaggio\u201d il Sindaco, che non pu\u00f2 operare liberamente. Ecco spiegato uno dei motivi di questo assurdo stato di paralisi\u00bb.<br \/><strong>Ci fa degli esempi di quelle che ritiene problematiche non ancora risolte?<\/strong><br \/>\u00abUn esempio? Via Schumann, una questione che dura da trent\u2019anni. Siamo a poco pi\u00f9 di un anno dall\u2019insediamento dell\u2019amministrazione Coppi e non \u00e8 stato fatto assolutamente nulla. Anzi, si \u00e8 perso tempo. \u00c8 stato incaricato un tecnico esterno per fare una valutazione sull\u2019impatto ambientale di quell\u2019area, perch\u00e9 al primo Consiglio comunale la questione fu sollevata da un consigliere di maggioranza. A mio parere, sono soldi sprecati, perch\u00e9 l\u2019Autorit\u00e0 di Bacino aveva gi\u00e0 risposto positivamente. Altra questione, l\u2019asilo nido, un problema ereditato dalla vecchia amministrazione. A riguardo, non si \u00e8 fatto niente: 600 mila euro buttati. Allo stesso modo, non va bene la situazione di via Conversano: sempre e solo sperpero di denaro pubblico. E qui dovrebbe intervenire la politica, ma non lo fa. Ci sarebbe molto altro di cui parlare; ad esempio dello stato di abbandono del cimitero o del campo sportivo\u00bb.<br \/><strong>E sulle tasse, cosa ha da dirci?<\/strong><br \/>\u00abL\u2019assessore Giuseppe Tardi non mi pu\u00f2 dire che hanno abbassato le tasse. S\u00ec, le hanno abbassate, ma con i soldi dell\u2019anno scorso. E poi quali? Hanno abbassato l\u2019aliquota dell\u2019Imu sui terreni agricoli, mentre per la Tasi si risparmieranno solo 20 euro. Ma di cosa stiamo parlando?\u00bb. <br \/><strong>Una valutazione sull\u2019opposizione. Come si sta muovendo?<\/strong><br \/>\u00abL\u2019opposizione fatta in questo modo non otterr\u00e0 mai nulla, sia per i cittadini sia rispetto al confronto con la maggioranza. Perch\u00e9 fare opposizione rivendicando e dicendo sempre le stesse cose non serve a niente\u00bb.<br \/><strong>Ora torniamo brevemente alla questione della Sanit\u00e0. Che lei sappia, si \u00e8 mosso qualcosa dopo la visita del dott. Montanaro?<\/strong><br \/>\u00abA breve torner\u00f2 da Montanaro per capire che cosa si \u00e8 fatto in questi ultimi quaranta giorni. Al tempo stesso voglio dire che sono rimasto molto deluso dalla scarsa partecipazione della gente all\u2019incontro: oltre agli \u201caddetti ai lavori\u201d, c\u2019erano pochissimi cittadini. \u00c8 possibile che in un momento difficile non si riesca a unirsi per risolvere un problema che riguarda principalmente i nostri bambini e anziani? Questo non \u00e8 un problema della politica. \u00c8 un problema nostro. Perch\u00e9 questo distacco dalle questioni importanti? Vorrei risposte dai cittadini&#8230; \u00bb.<\/p>\n","protected":false},"excerpt":{"rendered":"<p><img loading=\"lazy\" decoding=\"async\" src=\"https:\/\/farm8.staticflickr.com\/7635\/17024450160_0cee4471c7_n.jpg\" alt=\"Carmine Catalano\" height=\"240\" width=\"320\" \/><\/p>\n","protected":false},"author":1,"featured_media":0,"comment_status":"open","ping_status":"closed","sticky":false,"template":"","format":"standard","meta":{"colormag_page_container_layout":"default_layout","colormag_page_sidebar_layout":"default_layout","footnotes":""},"categories":[4],"tags":[],"class_list":["post-13385","post","type-post","status-publish","format-standard","hentry","category-politica"],"_links":{"self":[{"href":"https:\/\/archivioturi.lavocedelpaese.info\/index.php\/wp-json\/wp\/v2\/posts\/13385","targetHints":{"allow":["GET"]}}],"collection":[{"href":"https:\/\/archivioturi.lavocedelpaese.info\/index.php\/wp-json\/wp\/v2\/posts"}],"about":[{"href":"https:\/\/archivioturi.lavocedelpaese.info\/index.php\/wp-json\/wp\/v2\/types\/post"}],"author":[{"embeddable":true,"href":"https:\/\/archivioturi.lavocedelpaese.info\/index.php\/wp-json\/wp\/v2\/users\/1"}],"replies":[{"embeddable":true,"href":"https:\/\/archivioturi.lavocedelpaese.info\/index.php\/wp-json\/wp\/v2\/comments?post=13385"}],"version-history":[{"count":0,"href":"https:\/\/archivioturi.lavocedelpaese.info\/index.php\/wp-json\/wp\/v2\/posts\/13385\/revisions"}],"wp:attachment":[{"href":"https:\/\/archivioturi.lavocedelpaese.info\/index.php\/wp-json\/wp\/v2\/media?parent=13385"}],"wp:term":[{"taxonomy":"category","embeddable":true,"href":"https:\/\/archivioturi.lavocedelpaese.info\/index.php\/wp-json\/wp\/v2\/categories?post=13385"},{"taxonomy":"post_tag","embeddable":true,"href":"https:\/\/archivioturi.lavocedelpaese.info\/index.php\/wp-json\/wp\/v2\/tags?post=13385"}],"curies":[{"name":"wp","href":"https:\/\/api.w.org\/{rel}","templated":true}]}}