{"id":13383,"date":"2015-09-14T10:32:59","date_gmt":"2015-09-14T10:32:59","guid":{"rendered":"https:\/\/archivioturi.lavocedelpaese.info\/index.php\/2015\/09\/14\/mariano-una-pioggia-di-successi\/"},"modified":"2015-09-14T10:32:59","modified_gmt":"2015-09-14T10:32:59","slug":"mariano-una-pioggia-di-successi","status":"publish","type":"post","link":"https:\/\/archivioturi.lavocedelpaese.info\/index.php\/2015\/09\/14\/mariano-una-pioggia-di-successi\/","title":{"rendered":"Mariano, una pioggia di successi"},"content":{"rendered":"<p><img loading=\"lazy\" decoding=\"async\" src=\"https:\/\/farm1.staticflickr.com\/746\/21188114848_b53d3e9d97_n.jpg\" alt=\"11012434_10204949360437143_517901085463770794_o\" height=\"213\" width=\"320\" \/><\/p>\n<p><img loading=\"lazy\" decoding=\"async\" style=\"float: right;\" src=\"https:\/\/farm1.staticflickr.com\/780\/21384308801_58e12d53f6_n.jpg\" alt=\"11933490_965175286859017_4324611423973198645_n\" height=\"320\" width=\"240\" \/><\/p>\n<p style=\"text-align: justify;\">Premio &#8220;Miglior talento della provincia di Bari&#8221;, uno dei sei vincitori della terza edizione del &#8220;Puglia talent il festival dei talenti&#8221; domenica sera a Monopoli. Note di Settembre 2015 a Matera il 5 settembre scorso; Festival del Negroamaro 2015 il 29 agosto a Cellino San Marco. Sono solo alcuni e gli ultimissimi appuntamenti che hanno visto protagonista il nostro talentuoso concittadino Mariano Di Venere. Serata dopo serata, il cantante turese sta portando a casa numerosi riconoscimenti, segno della sua maturazione e del suo perfezionamento, applauditi e premiati da giurie di esperti e di eccellenze musicali. \u00c8 con &#8220;Virtualit\u00e0&#8221; che Mariano sta vivendo questo periodo di successi e di gratificazioni, sinonimo che la sua &#8220;Nuova Era&#8221; rappresenta effettivamente un nuovo momento artistico e professionale sul quale Mariano ha investito in modo corretto. <br \/>&#8220;Un periodo pienissimo e inaspettato. Virtualit\u00e0 mi sta regalando momenti magici e unici. Ogni concorso, ogni esibizione \u00e8 sempre diversa. Man mano che canto Virtualit\u00e0 aggiungo un tassello nuovo alle varie performance. L&#8217;importante \u00e8 divertirsi e le sonorit\u00e0 di Virtualit\u00e0 aiutano in questo. Mi sto scatenando, divertendo&#8221; \u2013 comemnta Mariano ai nostri microfoni. <br \/>&#8220;Credo che Virtualit\u00e0 sia molto apprezzata dal pubblico. Lo noto dai messaggi che mi arrivano, dai commenti su Facebook, dalla risposta delle radio. <br \/>Cerco nelle varie performance di coinvolgere il pubblico, di renderlo partecipe, di fargli vivere tre minuti di spensieratezza e divertimento. La musica serve anche a questo e l&#8217;arduo compito di noi cantanti \u00e8 quello di regalare al grande pubblico emozioni&#8221; \u2013 prosegue, confermando quanto il coinvolgimento del pubblico sia la nota immediata per un artista, utile a comprenderel&#8217;interesse che suscita nel suo ascoltatore.<br \/>Ma cosa riserva il futuro di Mariano, a cosa sta lavorando? &#8220;Per adesso proseguir\u00f2 il Virtualit\u00e0 Radio Tour nelle varie radio locali e non per interviste e la presentazione di Virtualit\u00e0. Nel cassetto ci sono tanti progetti a cui sto lavorando, alcuni comprendono anche Virtualit\u00e0. Le novit\u00e0 per questo inverno non tarderanno ad arrivare. Ci saranno molte sorprese&#8221;.<\/p>\n","protected":false},"excerpt":{"rendered":"<p><img loading=\"lazy\" decoding=\"async\" src=\"https:\/\/farm1.staticflickr.com\/746\/21188114848_b53d3e9d97_n.jpg\" alt=\"11012434_10204949360437143_517901085463770794_o\" height=\"213\" width=\"320\" \/><\/p>\n","protected":false},"author":1,"featured_media":0,"comment_status":"open","ping_status":"closed","sticky":false,"template":"","format":"standard","meta":{"colormag_page_container_layout":"default_layout","colormag_page_sidebar_layout":"default_layout","footnotes":""},"categories":[7],"tags":[],"class_list":["post-13383","post","type-post","status-publish","format-standard","hentry","category-attualita"],"_links":{"self":[{"href":"https:\/\/archivioturi.lavocedelpaese.info\/index.php\/wp-json\/wp\/v2\/posts\/13383","targetHints":{"allow":["GET"]}}],"collection":[{"href":"https:\/\/archivioturi.lavocedelpaese.info\/index.php\/wp-json\/wp\/v2\/posts"}],"about":[{"href":"https:\/\/archivioturi.lavocedelpaese.info\/index.php\/wp-json\/wp\/v2\/types\/post"}],"author":[{"embeddable":true,"href":"https:\/\/archivioturi.lavocedelpaese.info\/index.php\/wp-json\/wp\/v2\/users\/1"}],"replies":[{"embeddable":true,"href":"https:\/\/archivioturi.lavocedelpaese.info\/index.php\/wp-json\/wp\/v2\/comments?post=13383"}],"version-history":[{"count":0,"href":"https:\/\/archivioturi.lavocedelpaese.info\/index.php\/wp-json\/wp\/v2\/posts\/13383\/revisions"}],"wp:attachment":[{"href":"https:\/\/archivioturi.lavocedelpaese.info\/index.php\/wp-json\/wp\/v2\/media?parent=13383"}],"wp:term":[{"taxonomy":"category","embeddable":true,"href":"https:\/\/archivioturi.lavocedelpaese.info\/index.php\/wp-json\/wp\/v2\/categories?post=13383"},{"taxonomy":"post_tag","embeddable":true,"href":"https:\/\/archivioturi.lavocedelpaese.info\/index.php\/wp-json\/wp\/v2\/tags?post=13383"}],"curies":[{"name":"wp","href":"https:\/\/api.w.org\/{rel}","templated":true}]}}