{"id":1338,"date":"2010-01-27T15:08:04","date_gmt":"2010-01-27T15:08:04","guid":{"rendered":"https:\/\/archivioturi.lavocedelpaese.info\/index.php\/2010\/01\/27\/resta-a-tundo-la-sofferenza-non-fa-politica\/"},"modified":"2010-01-27T15:08:04","modified_gmt":"2010-01-27T15:08:04","slug":"resta-a-tundo-la-sofferenza-non-fa-politica","status":"publish","type":"post","link":"https:\/\/archivioturi.lavocedelpaese.info\/index.php\/2010\/01\/27\/resta-a-tundo-la-sofferenza-non-fa-politica\/","title":{"rendered":"RESTA A TUNDO: LA SOFFERENZA NON FA POLITICA"},"content":{"rendered":"<p style=\"text-align: justify;\"><img loading=\"lazy\" decoding=\"async\" class=\" size-full wp-image-65\" height=\"149\" width=\"320\" src=\"https:\/\/archivioturi.lavocedelpaese.info\/wp-content\/uploads\/2009\/07\/tundo.jpg\" alt=\"tundo\" srcset=\"https:\/\/archivioturi.lavocedelpaese.info\/wp-content\/uploads\/2009\/07\/tundo.jpg 640w, https:\/\/archivioturi.lavocedelpaese.info\/wp-content\/uploads\/2009\/07\/tundo-300x141.jpg 300w\" sizes=\"auto, (max-width: 320px) 100vw, 320px\" \/><\/p>\n<p style=\"text-align: justify;\"><span style=\"font-size: 10pt;\"><span style=\"font-family: verdana,geneva;\">Dopo l\u2019<strong><a target=\"_blank\" href=\"index.php?option=com_content&amp;view=article&amp;id=901;tundo-votero-boccardi-rimpasto-in-arrivo&amp;catid=14;politica&amp;Itemid=11\" rel=\"noopener\">intervista esclusiva rilasciata dall\u2019assessore Paolo Tundo<\/a><\/strong> al direttore della nostra testata giornalistica, dott. Nicola Teofilo, abbiamo chiesto alla consigliera d\u2019opposizione Tina Resta un parere circa le dichiarazioni fatte.<\/span><\/span><\/p>\n<div style=\"text-align: justify;\"><\/div>\n<div style=\"text-align: justify;\"><\/div>\n<div style=\"text-align: justify;\"><\/div>\n<p style=\"text-align: justify;\"><span style=\"font-size: 10pt;\"><span style=\"font-family: verdana,geneva;\">Tundo ha attaccato parte dell\u2019opposizione del Consiglio comunale turese e si \u00e8 limitato ad esprimere l\u2019ostilit\u00e0 che questa dimostra nei confronti del proprio operato in ambito sociale e scolastico.<\/span><\/span><\/p>\n<div style=\"text-align: justify;\"><\/div>\n<p style=\"text-align: justify;\"><span style=\"font-size: 10pt;\"><span style=\"font-family: verdana,geneva;\">Vicina a tali tematiche \u00e8 Tina Resta, pronta a schierarsi a fianco dei pi\u00f9 piccoli e dei pi\u00f9 sofferenti. Immersa da diversi anni nei problemi scolastici e coinvolta in diversi progetti che vertono sulla salvaguardia dei bambini e delle persone bisognose, ha espresso il suo disappunto nei confronti di quanto espresso dall\u2019assessore.<\/span><\/span><\/p>\n<div style=\"text-align: justify;\"><\/div>\n<p style=\"text-align: justify;\"><span style=\"font-size: 10pt;\"><span style=\"font-family: verdana,geneva;\">\u201c<strong>Sta facendo una politica sociale approssimativa<\/strong>, in balia di bandi regionali e <strong>senza una mappatura dei reali bisogni locali<\/strong>\u201d. La mancanza di una effettiva vicinanza di Tundo al mondo cittadino, alla realt\u00e0 pi\u00f9 esigente della nostra comunit\u00e0, \u00e8 un elemento imprescindibile per poter effettuare controlli e prendere decisioni. Continua sostenendo che \u201csi proclama il confronto mentre \u00e8 stato deciso gi\u00e0 tutto\u201d. Di fronte all\u2019affermazione dell\u2019Assessore \u201cnon accetto ostruzionismi distruttivi, nessuno deve toccare il tasto della sofferenza. Io sto alleviando i dolori, ho realizzato tanti progetti per Turi\u2026\u201d, la consigliera Resta sostiene che \u201csi parla di sofferenze e di sfortuna per essere credibili. <strong>La politica sociale non si fa con l&#8217;elemosina e la compassione, ma con interventi seri e concreti<\/strong>\u201d.<\/span><\/span><\/p>\n<div style=\"text-align: justify;\"><\/div>\n<p style=\"text-align: justify;\"><span style=\"font-size: 10pt;\"><span style=\"font-family: verdana,geneva;\">\u00c8 su questi elementi che basa la propria polemica, che si fa pi\u00f9 aspra quando ritorna a parlare dei centri e dei servizi sociali. Infatti aggiunge: \u201dsi apra il centro diurno per i disabili pronto da tre anni, si riavvii il centro di aggregazione per ragazzi in difficolt\u00e0 chiuso l&#8217;anno scorso, si vada a controllare come funziona l&#8217;assistenza domiciliare degli anziani e quanti di questi ultimi non riescono ancora ad averla, si verifichino i tempi dei servizi sanitari, ci si confronti con i carabinieri per comprendere i fenomeni di devianza. Il resto \u00e8 un bla bla bla&#8230;\u201d.<\/span><\/span><\/p>\n<div style=\"text-align: justify;\"><\/div>\n<p style=\"text-align: justify;\"><span style=\"font-size: 10pt;\"><span style=\"font-family: verdana,geneva;\">Conclude affermando che <strong>le necessit\u00e0 umane sono una cosa seria e non bisogna strumentalizzarle e renderle elementi di vanto per la propria politica<\/strong>. Guardare negli occhi chi ti chiede aiuto, o chi solo con lo sguardo esprime tutto il suo bisogno d\u2019ascolto e di sostegno, \u00e8 quanto \u00e8 necessario tener presente.<\/span><\/span><\/p>\n","protected":false},"excerpt":{"rendered":"<p style=\"text-align: justify;\"><img loading=\"lazy\" decoding=\"async\" class=\" size-full wp-image-65\" height=\"149\" width=\"320\" src=\"https:\/\/archivioturi.lavocedelpaese.info\/wp-content\/uploads\/2009\/07\/tundo.jpg\" alt=\"tundo\" srcset=\"https:\/\/archivioturi.lavocedelpaese.info\/wp-content\/uploads\/2009\/07\/tundo.jpg 640w, https:\/\/archivioturi.lavocedelpaese.info\/wp-content\/uploads\/2009\/07\/tundo-300x141.jpg 300w\" sizes=\"auto, (max-width: 320px) 100vw, 320px\" \/><\/p>\n","protected":false},"author":1,"featured_media":65,"comment_status":"open","ping_status":"closed","sticky":false,"template":"","format":"standard","meta":{"colormag_page_container_layout":"default_layout","colormag_page_sidebar_layout":"default_layout","footnotes":""},"categories":[4],"tags":[],"class_list":["post-1338","post","type-post","status-publish","format-standard","has-post-thumbnail","hentry","category-politica"],"_links":{"self":[{"href":"https:\/\/archivioturi.lavocedelpaese.info\/index.php\/wp-json\/wp\/v2\/posts\/1338","targetHints":{"allow":["GET"]}}],"collection":[{"href":"https:\/\/archivioturi.lavocedelpaese.info\/index.php\/wp-json\/wp\/v2\/posts"}],"about":[{"href":"https:\/\/archivioturi.lavocedelpaese.info\/index.php\/wp-json\/wp\/v2\/types\/post"}],"author":[{"embeddable":true,"href":"https:\/\/archivioturi.lavocedelpaese.info\/index.php\/wp-json\/wp\/v2\/users\/1"}],"replies":[{"embeddable":true,"href":"https:\/\/archivioturi.lavocedelpaese.info\/index.php\/wp-json\/wp\/v2\/comments?post=1338"}],"version-history":[{"count":0,"href":"https:\/\/archivioturi.lavocedelpaese.info\/index.php\/wp-json\/wp\/v2\/posts\/1338\/revisions"}],"wp:featuredmedia":[{"embeddable":true,"href":"https:\/\/archivioturi.lavocedelpaese.info\/index.php\/wp-json\/wp\/v2\/media\/65"}],"wp:attachment":[{"href":"https:\/\/archivioturi.lavocedelpaese.info\/index.php\/wp-json\/wp\/v2\/media?parent=1338"}],"wp:term":[{"taxonomy":"category","embeddable":true,"href":"https:\/\/archivioturi.lavocedelpaese.info\/index.php\/wp-json\/wp\/v2\/categories?post=1338"},{"taxonomy":"post_tag","embeddable":true,"href":"https:\/\/archivioturi.lavocedelpaese.info\/index.php\/wp-json\/wp\/v2\/tags?post=1338"}],"curies":[{"name":"wp","href":"https:\/\/api.w.org\/{rel}","templated":true}]}}