{"id":13377,"date":"2015-09-13T18:19:09","date_gmt":"2015-09-13T18:19:09","guid":{"rendered":"https:\/\/archivioturi.lavocedelpaese.info\/index.php\/2015\/09\/13\/trasporto-e-refezione-scolastica-le-tariffe\/"},"modified":"2015-09-13T18:19:09","modified_gmt":"2015-09-13T18:19:09","slug":"trasporto-e-refezione-scolastica-le-tariffe","status":"publish","type":"post","link":"https:\/\/archivioturi.lavocedelpaese.info\/index.php\/2015\/09\/13\/trasporto-e-refezione-scolastica-le-tariffe\/","title":{"rendered":"Trasporto e refezione scolastica: le tariffe"},"content":{"rendered":"<p><img loading=\"lazy\" decoding=\"async\" src=\"https:\/\/farm6.staticflickr.com\/5731\/20731489024_92a878ee7d_n.jpg\" alt=\"tariffe scuolabus\" height=\"166\" width=\"320\" \/><\/p>\n<p style=\"text-align: justify;\" class=\"western\"><b>Trasporto scolastico: le tariffe<\/b><\/p>\n<p style=\"text-align: justify;\" class=\"western\">Nella seduta dello scrso 30 luglio, la Giunta Comunale ha approvato, con delibera 113, le nuove tariffe per il Trasporto scolastico per l&#8217;anno 2015\/2016.<\/p>\n<p style=\"text-align: justify;\" class=\"western\">Saranno esenti dal pagamento le famiglie con ISEE inferiore a 5000 euro e coloro che risiedono nelle masserie.<\/p>\n<p><img loading=\"lazy\" decoding=\"async\" src=\"https:\/\/farm6.staticflickr.com\/5731\/20731489024_92a878ee7d_z.jpg\" alt=\"tariffe scuolabus\" height=\"333\" width=\"640\" \/><\/p>\n<p style=\"text-align: justify;\" class=\"western\">&nbsp;<\/p>\n<p style=\"text-align: justify;\" class=\"western\"><b>Refezione Scolastica: avvio iscrizione<\/b><\/p>\n<p style=\"text-align: justify;\" class=\"western\">Sono aperte le iscrizioni per il Servizio di Refezione Scolastica per l\u2019anno scolastico 2015\/2016 Con delibera di G.C. n. 113 del 30\/07\/2015, sono state modificate le fasce di compartecipazione.<\/p>\n<p style=\"text-align: justify;\" class=\"western\">Il modello di domanda per la fruizione del Servizio \u00e8 disponibile presso l\u2019Ufficio Pubblica Istruzione del Comune o scaricabile dal sito comunale.<\/p>\n<p style=\"text-align: justify;\" class=\"western\">L\u2019istanza compilata, corredata da copia di un documento di identit\u00e0 e da attestazione I.S.E.E. 2014 riferita al nucleo familiare, dovr\u00e0 essere presentata all\u2019Ufficio Protocollo del Comune entro e non oltre il 30\/09\/2015.<\/p>\n<p style=\"text-align: justify;\" class=\"western\">Il pagamento della tariffa avverr\u00e0 tramite c\/c postale n. 51503902 intestato al Comune di Turi; la ricevuta di versamento dovr\u00e0 essere presentata all\u2019Ufficio Pubblica Istruzione, ove verr\u00e0 ritirato il blocchetto dei buoni pasto.<\/p>\n<p style=\"text-align: justify;\" class=\"western\">L&#8217;esenzione totale al pagamento, riguarder\u00e0 le famiglie con un ISEE inferiore ai 5000 euro. Alla fascia dai 5001 ai 7500 euro, il pasto coster\u00e0 1 euro e il blocchetto 20,00; dai 7,501 ai 15,000, il costo sar\u00e0 2,25 euro e il blocchetto di 45 euro; dai 15,001 ai 22,500, un costo di 3 euro a pasto e 60 di blocchetto; dai 22,501 ai 30,000, 3,50 euro il pasto e 70,00 il blocchetto; da 30,000 ai 35,000 euro, un costo di 4,25 euro a pasto e 85,00 euro al blocchetto. Al di sopra dei 35mila euro non ci saranno esenzioni.<\/p>\n","protected":false},"excerpt":{"rendered":"<p><img loading=\"lazy\" decoding=\"async\" src=\"https:\/\/farm6.staticflickr.com\/5731\/20731489024_92a878ee7d_n.jpg\" alt=\"tariffe scuolabus\" height=\"166\" width=\"320\" \/><\/p>\n","protected":false},"author":1,"featured_media":0,"comment_status":"open","ping_status":"closed","sticky":false,"template":"","format":"standard","meta":{"colormag_page_container_layout":"default_layout","colormag_page_sidebar_layout":"default_layout","footnotes":""},"categories":[7],"tags":[],"class_list":["post-13377","post","type-post","status-publish","format-standard","hentry","category-attualita"],"_links":{"self":[{"href":"https:\/\/archivioturi.lavocedelpaese.info\/index.php\/wp-json\/wp\/v2\/posts\/13377","targetHints":{"allow":["GET"]}}],"collection":[{"href":"https:\/\/archivioturi.lavocedelpaese.info\/index.php\/wp-json\/wp\/v2\/posts"}],"about":[{"href":"https:\/\/archivioturi.lavocedelpaese.info\/index.php\/wp-json\/wp\/v2\/types\/post"}],"author":[{"embeddable":true,"href":"https:\/\/archivioturi.lavocedelpaese.info\/index.php\/wp-json\/wp\/v2\/users\/1"}],"replies":[{"embeddable":true,"href":"https:\/\/archivioturi.lavocedelpaese.info\/index.php\/wp-json\/wp\/v2\/comments?post=13377"}],"version-history":[{"count":0,"href":"https:\/\/archivioturi.lavocedelpaese.info\/index.php\/wp-json\/wp\/v2\/posts\/13377\/revisions"}],"wp:attachment":[{"href":"https:\/\/archivioturi.lavocedelpaese.info\/index.php\/wp-json\/wp\/v2\/media?parent=13377"}],"wp:term":[{"taxonomy":"category","embeddable":true,"href":"https:\/\/archivioturi.lavocedelpaese.info\/index.php\/wp-json\/wp\/v2\/categories?post=13377"},{"taxonomy":"post_tag","embeddable":true,"href":"https:\/\/archivioturi.lavocedelpaese.info\/index.php\/wp-json\/wp\/v2\/tags?post=13377"}],"curies":[{"name":"wp","href":"https:\/\/api.w.org\/{rel}","templated":true}]}}