{"id":13366,"date":"2015-09-07T17:43:23","date_gmt":"2015-09-07T17:43:23","guid":{"rendered":"https:\/\/archivioturi.lavocedelpaese.info\/index.php\/2015\/09\/07\/christian-e-i-suoi-gessetti\/"},"modified":"2015-09-07T17:43:23","modified_gmt":"2015-09-07T17:43:23","slug":"christian-e-i-suoi-gessetti","status":"publish","type":"post","link":"https:\/\/archivioturi.lavocedelpaese.info\/index.php\/2015\/09\/07\/christian-e-i-suoi-gessetti\/","title":{"rendered":"Christian e i suoi gessetti"},"content":{"rendered":"<p><img loading=\"lazy\" decoding=\"async\" src=\"https:\/\/farm1.staticflickr.com\/611\/20567594753_0c4f53ccd0_n.jpg\" alt=\"Durante la festa1\" height=\"180\" width=\"320\" \/><\/p>\n<p style=\"text-align: justify;\">&#8220;Non ci sono parole per ringraziarvi tutti! Sempre calorosa, accogliente ed aperta a tutti, grazie davvero Turi e grazie anche a tutti i suoi abitanti che la rendono fantastica. Non avrei scelto paese migliore e gente migliore con cui condividere il mio primo lavoro e l&#8217;inizio di quella che si prospetta una lunga avventura..13 mila volte Grazie!&#8221;. <br \/>Sono queste le parole con le quali ha salutato Turi Christian Ligorio, un promettente talento della vicina Conversano, che nella serata del 26 agosto, tra il fiume di gente che si \u00e8 riversata nella nostra cittadina, ha realizzato un madonnario di Sant&#8217;Oronzo.<br \/>Figlio del turese e conosciuto Giuseppe <img loading=\"lazy\" decoding=\"async\" style=\"margin-top: 10px; margin-bottom: 10px; margin-left: 10px; float: right;\" src=\"https:\/\/farm1.staticflickr.com\/642\/21000814298_e68f6a27a7_n.jpg\" alt=\"Durante la festa2\" height=\"320\" width=\"180\" \/>Ligorio, Christian, di soli 14 anni, ha stupito tutti i frequentatori della festa con i suoi gessetti colorati e la sua concentrazione, attirando, attorno a se&#8217;, numerosi occhi curiosi e sorrisi di apprezzamento. Ha stupito la sua mano giovane e il suo fermo sguardo, propri di un artista che si occupa, per professione, della sua passione ma guarda gi\u00e0 al domani, alla ricerca della perfezione, alla voglia di fare sempre meglio.<br \/>Lo abbiamo incontrato all&#8217;indomani del periodo di festa, guradando il suo capolavoro, ancora presente sull&#8217;asfalto vicino alla Chiesetta di San Rocco.<br \/><strong>Da quando hai iniziato a &#8220;colorare l&#8217;asfalto&#8221;?<\/strong><br \/>&#8220;Il 26 agosto, qua a Turi \u00e8 stata la prima volta che ho realizzato un madonnario ad una festa&#8221;.<br \/><strong>Hai gi\u00e0 disegnato Santi in terra o si \u00e8 trattata della prima volta in assoluto?<\/strong><br \/>&#8220;Mi sono esercitato con altri 2 disegni sempre sull&#8217;asfalto, ma erano molto pi\u00f9 piccoli e non sono neanche riuscito a completarli&#8221;.<br \/><strong>Quindi si \u00e8 trattato anche di una sfida, per te stesso, immagino. Ma da quando hai iniziato a fare madonnari? Cosa facevi quando da piccolo ne incontravi uno?<\/strong><br \/>&#8220;L&#8217;interesse nel disegnare i santi \u00e8 solo la conseguenza del fatto che gi\u00e0 da bambino il mondo della religione cattolica mi incuriosiva. Parlo di quando avevo 3-4 anni. In pi\u00f9 ho frequentato l&#8217;asilo dalle suore e da bambino anzich\u00e8 giocare come tutti gli altri, mi piaceva collezzionare immagini sacre e statuette religiose. Diventando pi\u00f9 grande ho coltivato anche un&#8217;altra passione che era il disegno&nbsp; che si \u00e8 subito unita a quella riguardante la religione cristiana, dando vita a molti ritratti di santi. In particolare ho disegnato pi\u00f9 volte Sant&#8217;Oronzo e si pu\u00f2 dire che quest&#8217;anno fare un madonnario sia un&#8217;evoluzione estrema della mia passione per il disegno e per i santi. Da piccolo non ho mai provato a colorare l&#8217;asfalto con dei gessetti e mi sono concentrato sui fogli, cercando di diventare sempre pi\u00f9 bravo. Quando invece vedevo i madonnari all&#8217;opera, la mia reazione era come quella di tutti i bambini quando si trovavano di fronte a qualcosa di colorato e di pi\u00f9 grande rispetto a loro, quindi la cosa mi colpiva molto.<br \/>Si \u00e8 trattata di una sfida per me perch\u00e8 non ne avevo, appunto, mai completato uno e non ne avevo mai fatti di pi\u00f9 grandi, inoltre qua a Turi ho sperimentato una tecnica che non avevo mai provato prima. Per me diciamo che \u00e8 stato il &#8220;momento della verit\u00e0&#8221; e si \u00e8 dimostrato un momento positivo&#8221;.<br \/><strong>I passanti come commentavano te e il tuo lavoro?<\/strong><br \/>&#8220;Sono stato supportato da varie persone, dato che mi trovavo in un paese &#8220;amico&#8221;. In particolare mi ha prestato molto aiuto Pierino Sabatelli, che \u00e8 anche il presidente dei 5&amp;9 MTB, gruppo di cui faccio anche parte a livello sportivo. Non mi aspettavo tutti questi complimenti, la gente apprezzava il mio lavoro e nel momento che veniva a sapere che era anche il primo ufficialmente che realizzavo ne rimaneva ancora pi\u00f9 affascinata. Per\u00f2 la cosa di cui sono stato pi\u00f9 felice \u00e8 che anche i miei coetanei di 13-14-15 anni si siano complimentati con me. Pensavo infatti che avrebbero ignorato il mio lavoro (quella dell&#8217;adolescenza \u00e8 un&#8217;et\u00e0 delicata), invece ho fatto anche amicizie e ne sono veramente felice. Per non parlare dei bambini pi\u00f9 piccoli di 2-3-4 anni che mi hanno spronato ancora di pi\u00f9 nel completamento dell&#8217;opera: i loro sorrisi sono stati la parte migliore&#8221;.<br \/><strong>Da chi hai preso questa passione per il disegno? Hai qualcuno a cui riferirti?<\/strong><br \/>&#8220;Diciamo che sono nato in una famiglia di artisti:mio padre ha frequentato il liceo artistico e mia zia l&#8217;accademia di belle arti, ma \u00e8 solo un caso, visto che da loro ho semplicemente ricevuto qualche consiglio e non mi hanno mai forzato nell&#8217;apprendimento di tutto ci\u00f2 che serviva. Semplicemente sono andato avanti e sono migliorato col passare del tempo. Non ho nessun personaggio di riferimento, n\u00e8 ho mai voluto imitare qualcuno. Sono un puro autodidatta. La mia professoressa di arte mi paragon\u00f2 a Van Gogh sotto questo aspetto, ma non credo di essere all&#8217;altezza di una persona cosi immensa&#8221;.<br \/>Potrebbe solo essere solo l&#8217;inizio di un promettente futuro da grande artista. E noi gli riconosciamo la passione, la curiosit\u00e0, l&#8217;attenzione al particolare. Siamo sicuri che la sua strada artistica sia infatti appena stata abozzata e attendiamo di incontrarlo nuovamente in strada, in terra, con gli occhi bassi ed in mano il suo gessetto.<\/p>\n","protected":false},"excerpt":{"rendered":"<p><img loading=\"lazy\" decoding=\"async\" src=\"https:\/\/farm1.staticflickr.com\/611\/20567594753_0c4f53ccd0_n.jpg\" alt=\"Durante la festa1\" height=\"180\" width=\"320\" \/><\/p>\n","protected":false},"author":1,"featured_media":0,"comment_status":"open","ping_status":"closed","sticky":false,"template":"","format":"standard","meta":{"colormag_page_container_layout":"default_layout","colormag_page_sidebar_layout":"default_layout","footnotes":""},"categories":[4],"tags":[],"class_list":["post-13366","post","type-post","status-publish","format-standard","hentry","category-politica"],"_links":{"self":[{"href":"https:\/\/archivioturi.lavocedelpaese.info\/index.php\/wp-json\/wp\/v2\/posts\/13366","targetHints":{"allow":["GET"]}}],"collection":[{"href":"https:\/\/archivioturi.lavocedelpaese.info\/index.php\/wp-json\/wp\/v2\/posts"}],"about":[{"href":"https:\/\/archivioturi.lavocedelpaese.info\/index.php\/wp-json\/wp\/v2\/types\/post"}],"author":[{"embeddable":true,"href":"https:\/\/archivioturi.lavocedelpaese.info\/index.php\/wp-json\/wp\/v2\/users\/1"}],"replies":[{"embeddable":true,"href":"https:\/\/archivioturi.lavocedelpaese.info\/index.php\/wp-json\/wp\/v2\/comments?post=13366"}],"version-history":[{"count":0,"href":"https:\/\/archivioturi.lavocedelpaese.info\/index.php\/wp-json\/wp\/v2\/posts\/13366\/revisions"}],"wp:attachment":[{"href":"https:\/\/archivioturi.lavocedelpaese.info\/index.php\/wp-json\/wp\/v2\/media?parent=13366"}],"wp:term":[{"taxonomy":"category","embeddable":true,"href":"https:\/\/archivioturi.lavocedelpaese.info\/index.php\/wp-json\/wp\/v2\/categories?post=13366"},{"taxonomy":"post_tag","embeddable":true,"href":"https:\/\/archivioturi.lavocedelpaese.info\/index.php\/wp-json\/wp\/v2\/tags?post=13366"}],"curies":[{"name":"wp","href":"https:\/\/api.w.org\/{rel}","templated":true}]}}