{"id":13343,"date":"2015-09-02T09:39:20","date_gmt":"2015-09-02T09:39:20","guid":{"rendered":"https:\/\/archivioturi.lavocedelpaese.info\/index.php\/2015\/09\/02\/andare-e-poi-tornare\/"},"modified":"2015-09-02T09:39:20","modified_gmt":"2015-09-02T09:39:20","slug":"andare-e-poi-tornare","status":"publish","type":"post","link":"https:\/\/archivioturi.lavocedelpaese.info\/index.php\/2015\/09\/02\/andare-e-poi-tornare\/","title":{"rendered":"Andare e poi tornare&#8230;"},"content":{"rendered":"<p><img loading=\"lazy\" decoding=\"async\" src=\"https:\/\/farm1.staticflickr.com\/756\/21028586015_d35ccd8d04_n.jpg\" alt=\"Anna Sportelli\" height=\"320\" width=\"320\" \/><\/p>\n<p style=\"text-align: justify;\">Nella settimana in cui Turi ha ricordato i tanti suoi immigrati all&#8217;estero dagli inizi del &#8216;900 ad oggi, abbiamo voluto incontrare una ragazza, Anna Sportelli, reduce da un&#8217;esperienza in Germania. La sua giovane et\u00e0 e la sua voglia di conoscere e sperimentare nuove cose l&#8217;ha portata ad intraprendere un programma universitario che un po&#8217; tutti conosceranno: l&#8217;Erasmus.<br \/>Mesi all&#8217;estero, lontano da casa, immersa nella realt\u00e0 straniera dove vivere, studiare, conoscere e fare esperienza.<br \/>L&#8217;abbiamo incontrata e le abbiamo rivolto qualche domanda per capire, con gli occhi di ragazza, cosa significa vivere all&#8217;estero e quali potrebbero essere i suoi sbocchi futuri.<br \/><strong>Prima di tutto, quanti anni hai e cosa studi, quindi&#8230; perch\u00e8 hai voluto fare l&#8217;esperienza dell&#8217;Erasmus e quando \u00e8 iniziata&#8230;<\/strong><br \/>&#8220;Ho 27 anni e frequento la magistrale in Traduzione Specialistica a Bari. Per me che studio Lingue, l&#8217;Erasmus \u00e8 un&#8217;esperienza fondamentale, in quanto permette di entrare a stretto contatto con la cultura dei Paesi di cui si studia la lingua e soprattutto per un futuro traduttore \u00e8 importante immergersi in quello &#8220;che c&#8217;\u00e8 dietro. Sono partita ad Aprile e ho trascorso un semestre in Germania perch\u00e8 studio inglese e tedesco e desideravo proprio migliorare quest&#8217;ultimo, lingua utile e necessaria per il mondo del lavoro.<br \/><strong>Sei a Saarbr\u00fccken. Cosa ti ha immediatamente colpita?<\/strong><br \/>&#8220;Saarbr\u00fccken, capoluogo del Saarland, \u00e8 una piccola cittadina tedesca situata a sud-ovest della Germania a pochi km dal confine con la Francia. E&#8217; una citt\u00e0 di circa 180000 abitanti, con un campus eccezionale e una delle migliori facolt\u00e0 di traduzione in Germania, \u00e8 stato questo il motivo principale per cui l&#8217;ho scelta. Quando sono uscita dalla stazione, mi sono guardata intorno e, nonostante mi sentissi &#8220;straniera&#8221;, ho avuto la sensazione che quella citt\u00e0 mi avrebbe accolta e &#8220;stretta&#8221; immediatamente tra le sue braccia.<br \/>Mi ha immediatamente colpita la diversit\u00e0 del paesaggio, il verde, l&#8217;ordine, la tipicit\u00e0 degli edifici tedeschi, il ponte sul fiume. E un&#8217;altra cosa sconosciuta ai noi Italiani: il pfand, cio\u00e8 ti davano dei soldi se riconsegnavi bottiglie vuote ai supermercati, per incentivare pulizia e riciclaggio. Assurdo, chiss\u00e0 se in Italia arriver\u00e0 mai!<br \/><strong>Come \u00e8 stato l&#8217;impatto con la realt\u00e0 universitaria tedesca?<\/strong><br \/>&#8220;L&#8217;impatto con il tedesco e con l&#8217;universit\u00e0 all&#8217;inizio \u00e8 stato un po&#8217; difficile.. la lingua \u00e8 molto complicata e purtroppo l&#8217;approccio delle universit\u00e0 italiane nei confronti dell&#8217;insegnamento delle lingue \u00e8 molto diverso da quello delle universit\u00e0 estere. In genere non siamo abituati a praticare la lingua, ma a studiare molta teoria, quindi l\u00ec ho avuto un po&#8217; di difficolt\u00e0 nel comunicare e capire all&#8217;inizio. Frequentavo solo lezioni in tedesco e ho svolto un tirocinio a contatto con tedeschi quindi inizialmente \u00e8 stata una tragedia! E soprattutto ero sommersa da compiti ed esercizi, cosa che a Bari non ero abituata a fare. Col passare del tempo, per\u00f2, ho migliorato la lingua e mi sono abituata ai ritmi frenetici dell&#8217;Universit\u00e4t des Saarlandes, che sembrava uscita da un telefilm americano con i suoi prati e i suoi enormi edifici&#8221;.<br \/><strong>Solitamente dicono che i tedeschi son &#8220;freddi&#8221;.. che idea ti sei fatta?<\/strong><br \/>&#8220;L&#8217;immagine della &#8220;fredda Germania&#8221; per me \u00e8 stata completamente ribaltata. La &#8220;freddezza&#8221; \u00e8 solo apparenza, \u00e8 vero che i tedeschi sono pignoli e precisi e difficilmente manifestano apertamente le loro emozioni. La maggior parte non ride, ma sorride; tuttavia hanno un gran cuore e se ridono, significa che gli sei entrata dentro, e personalmente a me \u00e8 capitato&#8221;.<br \/><strong>Hai avuto qualche momento di scoraggiamento o in cui hai pensato &#8220;perch\u00e8 son venuta qui&#8221;?<\/strong><br \/>&#8220;Certamente i momenti di nostalgia e scoraggiamento sono capitati, soprattutto all&#8217;inizio quando mi son ritrovata a gestire una casa da sola, a fare la spesa da sola, a vivere momenti difficili in solitudine. A volte desideravo la presenza fisica di mia madre o dei miei amici, e a 1500 km di distanza era davvero triste dover comunicare solo grazie ad un telefono o ad una videochiamata su Skype. Quando guardavo le loro foto su Facebook, quando non ho potuto partecipare a momenti importanti della loro vita, sono stata male, ma la mia mente e il mio cuore erano con tutti loro, quindi \u00e8 questo che mi ha fatta essere forte e portare avanti questa esperienza serenamente&#8221;.<br \/><strong>L&#8217;Erasmus per molti ragazzi significa &#8220;vacanza&#8221;, lontano dalla famiglia e dalle solite conoscenze&#8230; cosa \u00e8 stato per te?<\/strong><br \/>&#8220;Come ho detto sopra, il distacco iniziale \u00e8 stato difficile. Ma raggiungere l&#8217;indipendenza \u00e8 qualcosa di stupendo. A 27 anni per me era necessario avere un punto di svolta, un cambiamento radicale e i momenti di solitudine mi hanno aiutata a capire e a convivere con me stessa a 360 gradi. Ho scoperto e fatto cose che non avrei mai pensato di fare qui, tipo arrampicate, escursioni, grandi camminate,mi sono sentita una bambina che guardava le cose per la prima volta. <br \/>Ho conosciuto gente da tutto il mondo da cui ho imparato molto: ho condiviso con loro la mia cultura, la mia lingua, la mia cucina, le mie abitudini e loro hanno fatto lo stesso con me. Ho dei nuovi amici, con cui sono certa che non perder\u00f2 mai i legami, perch\u00e8 abbiamo vissuto quest&#8217;esperienza 24 ore su 24 e 7 giorni su 7 insieme, ci siamo aiutati a vicenda ed \u00e8 stato soprattutto grazie a loro che ho superato le mie difficolt\u00e0. E credimi, noi Italiani, nonostante i luoghi comuni su di noi, siamo adorati dagli stranieri, non so, sar\u00e0 forse per le lasagne, gli spaghetti e i panzerotti!<br \/>Ho viaggiato molto all&#8217;interno della Germania, ho visto paesaggi bellissimi, ho imparato particolari storici che non conoscevo, ho visto posti stranissimi e ho amato quella fantastica terra.<br \/>L&#8217;Erasmus \u00e8 libert\u00e0, condivisione, indipendenza, viaggio, amicizia, scoperta, studio, emozione. Perch\u00e8 quando una citt\u00e0 ti abbraccia in quel modo, quando conosci gente, praticamente estranea fino al giorno prima, che vive dall&#8217;altra parte del mondo, che ha un cuore grande cos\u00ec, che si emoziona, ride, piange insieme a te \u00e8 difficile tornare a casa. Io in Erasmus ho sentito la vita scorrere nelle mie vene, non provavo questa sensazione da un po&#8217;. Chi ha un&#8217;innata apertura mentale deve fare quest&#8217;esperienza. Soprattutto se \u00e8 nato in una realt\u00e0 come Turi in cui sono convinta che la rassegnazione, la paura di cambiare, la routine la fanno da padrona. Io non ci sto, io voglio vivere. Quindi consiglio vivamente ai ragazzi universitari di partire..andate in Erasmus e non ve ne pentirete!&#8221;.<\/p>\n","protected":false},"excerpt":{"rendered":"<p><img loading=\"lazy\" decoding=\"async\" src=\"https:\/\/farm1.staticflickr.com\/756\/21028586015_d35ccd8d04_n.jpg\" alt=\"Anna Sportelli\" height=\"320\" width=\"320\" \/><\/p>\n","protected":false},"author":1,"featured_media":0,"comment_status":"open","ping_status":"closed","sticky":false,"template":"","format":"standard","meta":{"colormag_page_container_layout":"default_layout","colormag_page_sidebar_layout":"default_layout","footnotes":""},"categories":[7],"tags":[],"class_list":["post-13343","post","type-post","status-publish","format-standard","hentry","category-attualita"],"_links":{"self":[{"href":"https:\/\/archivioturi.lavocedelpaese.info\/index.php\/wp-json\/wp\/v2\/posts\/13343","targetHints":{"allow":["GET"]}}],"collection":[{"href":"https:\/\/archivioturi.lavocedelpaese.info\/index.php\/wp-json\/wp\/v2\/posts"}],"about":[{"href":"https:\/\/archivioturi.lavocedelpaese.info\/index.php\/wp-json\/wp\/v2\/types\/post"}],"author":[{"embeddable":true,"href":"https:\/\/archivioturi.lavocedelpaese.info\/index.php\/wp-json\/wp\/v2\/users\/1"}],"replies":[{"embeddable":true,"href":"https:\/\/archivioturi.lavocedelpaese.info\/index.php\/wp-json\/wp\/v2\/comments?post=13343"}],"version-history":[{"count":0,"href":"https:\/\/archivioturi.lavocedelpaese.info\/index.php\/wp-json\/wp\/v2\/posts\/13343\/revisions"}],"wp:attachment":[{"href":"https:\/\/archivioturi.lavocedelpaese.info\/index.php\/wp-json\/wp\/v2\/media?parent=13343"}],"wp:term":[{"taxonomy":"category","embeddable":true,"href":"https:\/\/archivioturi.lavocedelpaese.info\/index.php\/wp-json\/wp\/v2\/categories?post=13343"},{"taxonomy":"post_tag","embeddable":true,"href":"https:\/\/archivioturi.lavocedelpaese.info\/index.php\/wp-json\/wp\/v2\/tags?post=13343"}],"curies":[{"name":"wp","href":"https:\/\/api.w.org\/{rel}","templated":true}]}}