{"id":13342,"date":"2015-09-03T08:28:10","date_gmt":"2015-09-03T08:28:10","guid":{"rendered":"https:\/\/archivioturi.lavocedelpaese.info\/index.php\/2015\/09\/03\/larte-del-lavorare-il-vetro\/"},"modified":"2015-09-03T08:28:10","modified_gmt":"2015-09-03T08:28:10","slug":"larte-del-lavorare-il-vetro","status":"publish","type":"post","link":"https:\/\/archivioturi.lavocedelpaese.info\/index.php\/2015\/09\/03\/larte-del-lavorare-il-vetro\/","title":{"rendered":"L&#8217;arte del lavorare il vetro"},"content":{"rendered":"<p><img loading=\"lazy\" decoding=\"async\" src=\"https:\/\/farm1.staticflickr.com\/718\/20840361280_e8deb9d5a4_n.jpg\" alt=\"Gianna De Grisantis Gio's arte\" height=\"240\" width=\"320\" \/><\/p>\n<p style=\"text-align: justify;\">In arte \u00e8 Gio&#8217;s Arte, per tutti \u00e8 Gianna De Grisantis. \u00c8 l&#8217;artista del vetro, che nelle serate dal 25 al 27 agosto ha esposto le sue realizzazioni durante la festa del nostro Santo protettore.<br \/>L&#8217;abbiamo incontrata ed abbiamo ammirato i suoi lavori. Unici e preziosi, come pure la sua persona. Attenta a comprendere i desideri di chi la incontra, Gianna ci ha raccontato qualcosa di s\u00e8 e di come \u00e8 iniziato questo suo impegno per la lavorazione del vetro.<br \/>Come nasce la tua passione per l&#8217;incisione del vetro e da quanto tempo ti dedichi a questa attivit\u00e0?<br \/>&#8220;La passione \u00e8 nata dai tempi della scuola ma ho ricominciato ad operare dall&#8217;anno scorso, essendo rimasta senza lavoro. Avevo notato che qui a Turi rappresenta una novit\u00e0 e mi sono messa subito all&#8217;opera pensando di crearmi un lavoro alternativo&#8221;.<br \/>In che modo scegli il vetro da incidere e con quale tecnica poi esegui il lavoro?<br \/>&#8220;La scelta del vetro \u00e8 molto importante e accurata perch\u00e9 deve essere vetro puro, meglio ancora se cristallo. La tecnica dipende dell&#8217;oggetto, prima scelgo il disegno per l&#8217;oggetto e poi viene applicato all&#8217;interno se \u00e8 un vaso un bicchiere ecc.&#8221;.<br \/>Quali sono, sino ad oggi, le incisioni a cui sei maggiormente legata o che ti son piaciute di pi\u00f9?<br \/>&#8220;Sicuramente il vaso con la rosa, i bicchieri di vino e il decander sono quelli a cui sono pi\u00f9 legata perch\u00e9 sono i primi capolavori. Ma amo anche tutte le altre opere&#8221;.<br \/>Quale la richiesta pi\u00f9 particolare che hai ricevuto? <br \/>&#8220;La richiesta pi\u00f9 particolare \u00e8 quella di un biberon&#8221;.<br \/>Questa \u00e8 la prima vlta che esponi le tue opere? Hai gi\u00e0 in mente altre esposizioni?<br \/>&#8220;Si questa \u00e8 la prima volta e mi piacerebbe fare anche altre esposizioni e magari anche un piccolo laboratorio&#8221;.<\/p>\n","protected":false},"excerpt":{"rendered":"<p><img loading=\"lazy\" decoding=\"async\" src=\"https:\/\/farm1.staticflickr.com\/718\/20840361280_e8deb9d5a4_n.jpg\" alt=\"Gianna De Grisantis Gio's arte\" height=\"240\" width=\"320\" \/><\/p>\n","protected":false},"author":1,"featured_media":0,"comment_status":"open","ping_status":"closed","sticky":false,"template":"","format":"standard","meta":{"colormag_page_container_layout":"default_layout","colormag_page_sidebar_layout":"default_layout","footnotes":""},"categories":[6],"tags":[],"class_list":["post-13342","post","type-post","status-publish","format-standard","hentry","category-cultura"],"_links":{"self":[{"href":"https:\/\/archivioturi.lavocedelpaese.info\/index.php\/wp-json\/wp\/v2\/posts\/13342","targetHints":{"allow":["GET"]}}],"collection":[{"href":"https:\/\/archivioturi.lavocedelpaese.info\/index.php\/wp-json\/wp\/v2\/posts"}],"about":[{"href":"https:\/\/archivioturi.lavocedelpaese.info\/index.php\/wp-json\/wp\/v2\/types\/post"}],"author":[{"embeddable":true,"href":"https:\/\/archivioturi.lavocedelpaese.info\/index.php\/wp-json\/wp\/v2\/users\/1"}],"replies":[{"embeddable":true,"href":"https:\/\/archivioturi.lavocedelpaese.info\/index.php\/wp-json\/wp\/v2\/comments?post=13342"}],"version-history":[{"count":0,"href":"https:\/\/archivioturi.lavocedelpaese.info\/index.php\/wp-json\/wp\/v2\/posts\/13342\/revisions"}],"wp:attachment":[{"href":"https:\/\/archivioturi.lavocedelpaese.info\/index.php\/wp-json\/wp\/v2\/media?parent=13342"}],"wp:term":[{"taxonomy":"category","embeddable":true,"href":"https:\/\/archivioturi.lavocedelpaese.info\/index.php\/wp-json\/wp\/v2\/categories?post=13342"},{"taxonomy":"post_tag","embeddable":true,"href":"https:\/\/archivioturi.lavocedelpaese.info\/index.php\/wp-json\/wp\/v2\/tags?post=13342"}],"curies":[{"name":"wp","href":"https:\/\/api.w.org\/{rel}","templated":true}]}}