{"id":13337,"date":"2015-09-02T06:27:35","date_gmt":"2015-09-02T06:27:35","guid":{"rendered":"https:\/\/archivioturi.lavocedelpaese.info\/index.php\/2015\/09\/02\/un-ponte-per-la-solidarita\/"},"modified":"2015-09-02T06:27:35","modified_gmt":"2015-09-02T06:27:35","slug":"un-ponte-per-la-solidarita","status":"publish","type":"post","link":"https:\/\/archivioturi.lavocedelpaese.info\/index.php\/2015\/09\/02\/un-ponte-per-la-solidarita\/","title":{"rendered":"Un ponte per la solidarit\u00e0"},"content":{"rendered":"<p><img loading=\"lazy\" decoding=\"async\" src=\"https:\/\/farm6.staticflickr.com\/5813\/20402235414_f97f76548f_n.jpg\" alt=\"Al termine della partita\" height=\"240\" width=\"320\" \/><\/p>\n<p style=\"text-align: justify;\">&#8220;\u00c8 stata una piccola delusione non aver potuto completare la partita per un piccolo incidente tra due giocatori&#8221; \u2013 ha commentato al termine della serata Maria Pia Lenato dell&#8217;Ass. Umanit\u00e0 Solidale Glocal di Turi. &#8220;I giocatori stanno benissimo&#8221; \u2013 ha tenuto a precisare, aggiungendo che quello della serata \u00e8 stato un &#8220;bellissimo ponte di amicizia e solidariet\u00e0 tra turesi e amici immigrati&#8221;.<br \/>Commenta cos\u00ec la presidente dell&#8217;Associazione Onlus alla serata di domenica 23 agosto che ha visto protagoniste le realt\u00e0 turesi e immigrate impegnate, a Largo Pozzi, con una partita a calcio.<br \/>Dodici giocatori turesi, con la maglia de &#8220;La Quercia&#8221;, si sono sfidati con L&#8217;Arcobaleno, in un incontro tra bandiere e nazionalit\u00e0 nella quale \u00e8 per\u00f2 prevalso lo spirito sportivo e del divertimento. Sei le nazioanlit\u00e0 presenti in campo: oltre a quella italiana, con i dodici giocatori turesi, il Marocco, la Georgia, la Romania, l&#8217;Albania e la Costa D&#8217;Avorio, in un connubio speciale che vuol essere ancora un nuovo tassello all&#8217;accoglienza e alla solidariet\u00e0.<br \/>\u00c8 anche questo, in sostanza, il messaggio lasciato dalla vicesindaco Lavinia Orlando, portando alla memoria la triste situazione nella quale, qualche mese fa, alcuni immigrati hanno sopravvissuto per le strade turesi.<br \/>Un ponte, una speranza di sostegno e di solidariet\u00e0, un messaggio di vicinanza tra le diverse realt\u00e0 nazionali, che si sono unite e &#8220;scontrate&#8221; sul campo da gioco per una partita amichevole, commentata dal giornalista Vito Zita.<\/p>\n<p><object height=\"480\" width=\"640\"><param name=\"flashvars\" value=\"offsite=true&amp;lang=it-it&amp;page_show_url=%2Fphotos%2F91470992%40N02%2Fsets%2F72157657573511519%2Fshow%2F&amp;page_show_back_url=%2Fphotos%2F91470992%40N02%2Fsets%2F72157657573511519%2F&amp;set_id=72157657573511519&amp;jump_to=\" \/><param name=\"movie\" value=\"https:\/\/www.flickr.com\/apps\/slideshow\/show.swf?v=237555616\" \/><param name=\"allowFullScreen\" value=\"true\" \/><embed type=\"application\/x-shockwave-flash\" src=\"https:\/\/www.flickr.com\/apps\/slideshow\/show.swf?v=237555616\" allowfullscreen=\"true\" flashvars=\"offsite=true&amp;lang=it-it&amp;page_show_url=%2Fphotos%2F91470992%40N02%2Fsets%2F72157657573511519%2Fshow%2F&amp;page_show_back_url=%2Fphotos%2F91470992%40N02%2Fsets%2F72157657573511519%2F&amp;set_id=72157657573511519&amp;jump_to=\" height=\"480\" width=\"640\" \/><\/object><\/p>\n","protected":false},"excerpt":{"rendered":"<p><img loading=\"lazy\" decoding=\"async\" src=\"https:\/\/farm6.staticflickr.com\/5813\/20402235414_f97f76548f_n.jpg\" alt=\"Al termine della partita\" height=\"240\" width=\"320\" \/><\/p>\n","protected":false},"author":1,"featured_media":0,"comment_status":"open","ping_status":"closed","sticky":false,"template":"","format":"standard","meta":{"colormag_page_container_layout":"default_layout","colormag_page_sidebar_layout":"default_layout","footnotes":""},"categories":[6],"tags":[],"class_list":["post-13337","post","type-post","status-publish","format-standard","hentry","category-cultura"],"_links":{"self":[{"href":"https:\/\/archivioturi.lavocedelpaese.info\/index.php\/wp-json\/wp\/v2\/posts\/13337","targetHints":{"allow":["GET"]}}],"collection":[{"href":"https:\/\/archivioturi.lavocedelpaese.info\/index.php\/wp-json\/wp\/v2\/posts"}],"about":[{"href":"https:\/\/archivioturi.lavocedelpaese.info\/index.php\/wp-json\/wp\/v2\/types\/post"}],"author":[{"embeddable":true,"href":"https:\/\/archivioturi.lavocedelpaese.info\/index.php\/wp-json\/wp\/v2\/users\/1"}],"replies":[{"embeddable":true,"href":"https:\/\/archivioturi.lavocedelpaese.info\/index.php\/wp-json\/wp\/v2\/comments?post=13337"}],"version-history":[{"count":0,"href":"https:\/\/archivioturi.lavocedelpaese.info\/index.php\/wp-json\/wp\/v2\/posts\/13337\/revisions"}],"wp:attachment":[{"href":"https:\/\/archivioturi.lavocedelpaese.info\/index.php\/wp-json\/wp\/v2\/media?parent=13337"}],"wp:term":[{"taxonomy":"category","embeddable":true,"href":"https:\/\/archivioturi.lavocedelpaese.info\/index.php\/wp-json\/wp\/v2\/categories?post=13337"},{"taxonomy":"post_tag","embeddable":true,"href":"https:\/\/archivioturi.lavocedelpaese.info\/index.php\/wp-json\/wp\/v2\/tags?post=13337"}],"curies":[{"name":"wp","href":"https:\/\/api.w.org\/{rel}","templated":true}]}}